{"id":11797,"date":"2018-04-05T18:15:20","date_gmt":"2018-04-05T18:15:20","guid":{"rendered":"http:\/\/todoapulmon-rafaela.com\/?p=11797"},"modified":"2018-04-05T18:15:20","modified_gmt":"2018-04-05T18:15:20","slug":"rafaela-tendra-una-de-las-dos-escuelas-de-box-de-nuestra-provincia","status":"publish","type":"post","link":"https:\/\/todoapulmon-rafaela.com\/index.php\/2018\/04\/05\/rafaela-tendra-una-de-las-dos-escuelas-de-box-de-nuestra-provincia\/","title":{"rendered":"Rafaela tendr\u00e1 una de las dos Escuelas de Box de nuestra provincia"},"content":{"rendered":"<p>La ciudad de Rafaela ser\u00e1 Sede de una de las dos Escuelas de Boxeo de la provincia de Santa Fe. La iniciativa surge en respuesta a gestiones realizadas por el intendente Luis Castellano y por el subsecretario de Deportes, Leonardo Crosetti, durante la estad\u00eda en nuestra ciudad del ex-Campe\u00f3n Mundial de Boxeo del peso Crucero, Marcelo Dom\u00ednguez, actual coordinador general de las Escuelas de Iniciaci\u00f3n Deportiva de la Secretar\u00eda de Deportes de la Naci\u00f3n (Boxeo).<br \/>\nEl mencionado Plan tiene una duraci\u00f3n de ocho meses por temporada y trabaja especialmente con chicas y chicos, sacando a muchos de ellos del \u00e1mbito de la calle e introduci\u00e9ndolos en una disciplina deportiva y gimnasio, para que aprendan valores y h\u00e1bitos deportivos en el marco de un proyecto socio integrador. Tambi\u00e9n est\u00e1 enfocado en detectar futuros talentos deportivos, pero nadie est\u00e1 obligado a competir si no lo desea.<br \/>\nEn la Escuela de Iniciaci\u00f3n Deportiva empieza el trabajo espec\u00edfico, -f\u00edsico, educativo y t\u00e9cnico- para que el chico pueda seguir haciendo lo que le gusta, contando con los materiales necesarios, el espacio f\u00edsico apto, y la atenci\u00f3n de coaching casi personalizada.<br \/>\n\u00abEstamos muy contentos y orgullosos con esta designaci\u00f3n de la Federaci\u00f3n Argentina de Box, ya que nuestra ciudad ser\u00e1 una de las dos sedes provinciales, siendo asimismo Rafaela, cuna de grandes p\u00fagiles y campeones\u00bb, manifest\u00f3 el intendente Luis Castellano.<br \/>\nLa actividad estar\u00e1 a cargo del Director T\u00e9cnico rafaelino Rub\u00e9n Gim\u00e9nez, designado por el propio Marcelo Dom\u00ednguez, y se desarrollar\u00e1 en dependencias del Club Argentino Quilmes. Contar\u00e1 con la provisi\u00f3n de materiales y equipamiento de la Secretar\u00eda de Deportes de la Naci\u00f3n en dicho club.<br \/>\nVale destacar que es el tercer a\u00f1o que se instrumenta este programa y Rafaela ya cuenta con una Escuela a nivel nacional merced a las gestiones realizadas. El programa es l\u00f3gicamente gratuito.<br \/>\n\u00abFue para mi muy importante en esta decisi\u00f3n tomada comprobar la seriedad de la Gesti\u00f3n actual y el compromiso del Intendente con los deportistas locales\u00bb, expres\u00f3 Marcelo Dom\u00ednguez, quien tambi\u00e9n manifest\u00f3 una percepci\u00f3n de gran acompa\u00f1amiento en pol\u00edtica de inclusi\u00f3n social.<br \/>\nLa idea principal estar\u00e1 centrada en la necesidad de fomentar h\u00e1bitos y rutinas de los gimnasios con t\u00e9cnicas y juegos l\u00fadicos, para arraigar en los ni\u00f1os la habitualidad en pr\u00e1cticas deportivas orientadas al boxeo. Se dice que cuanto m\u00e1s serio es el entrenamiento y la cercan\u00eda con el deporte, m\u00e1s seria y equilibrada es la vida del deportista y su entorno.<br \/>\n\u00abEs una gran noticia para el boxeo de la ciudad y toda la regi\u00f3n, que con tanta pasi\u00f3n y sacrificio abraza y trabaja en esta actividad\u00bb, manifest\u00f3 el subsecretario de Deportes de la Municipalidad, Leonardo Crosetti. (Fuente prensa Municipalidad de Rafaela).<\/p>\n","protected":false},"excerpt":{"rendered":"<p>La ciudad de Rafaela ser\u00e1 Sede de una de las dos Escuelas de Boxeo de la provincia de Santa Fe.<\/p>\n","protected":false},"author":2,"featured_media":11798,"comment_status":"open","ping_status":"open","sticky":false,"template":"","format":"standard","meta":{"footnotes":""},"categories":[24],"tags":[],"class_list":["post-11797","post","type-post","status-publish","format-standard","has-post-thumbnail","hentry","category-noticias-destacadas"],"cc_featured_image_caption":{"caption_text":"El ex campe\u00f3n mundial Marcelo Dominguez y el intendente Luis Castellano tras confirmarse la decisi\u00f3n de la FAB. (Foto prensa Municipalidad).","source_text":"","source_url":""},"_links":{"self":[{"href":"https:\/\/todoapulmon-rafaela.com\/index.php\/wp-json\/wp\/v2\/posts\/11797"}],"collection":[{"href":"https:\/\/todoapulmon-rafaela.com\/index.php\/wp-json\/wp\/v2\/posts"}],"about":[{"href":"https:\/\/todoapulmon-rafaela.com\/index.php\/wp-json\/wp\/v2\/types\/post"}],"author":[{"embeddable":true,"href":"https:\/\/todoapulmon-rafaela.com\/index.php\/wp-json\/wp\/v2\/users\/2"}],"replies":[{"embeddable":true,"href":"https:\/\/todoapulmon-rafaela.com\/index.php\/wp-json\/wp\/v2\/comments?post=11797"}],"version-history":[{"count":1,"href":"https:\/\/todoapulmon-rafaela.com\/index.php\/wp-json\/wp\/v2\/posts\/11797\/revisions"}],"predecessor-version":[{"id":11799,"href":"https:\/\/todoapulmon-rafaela.com\/index.php\/wp-json\/wp\/v2\/posts\/11797\/revisions\/11799"}],"wp:featuredmedia":[{"embeddable":true,"href":"https:\/\/todoapulmon-rafaela.com\/index.php\/wp-json\/wp\/v2\/media\/11798"}],"wp:attachment":[{"href":"https:\/\/todoapulmon-rafaela.com\/index.php\/wp-json\/wp\/v2\/media?parent=11797"}],"wp:term":[{"taxonomy":"category","embeddable":true,"href":"https:\/\/todoapulmon-rafaela.com\/index.php\/wp-json\/wp\/v2\/categories?post=11797"},{"taxonomy":"post_tag","embeddable":true,"href":"https:\/\/todoapulmon-rafaela.com\/index.php\/wp-json\/wp\/v2\/tags?post=11797"}],"curies":[{"name":"wp","href":"https:\/\/api.w.org\/{rel}","templated":true}]}}