{"id":11732,"date":"2018-03-30T13:29:53","date_gmt":"2018-03-30T13:29:53","guid":{"rendered":"http:\/\/todoapulmon-rafaela.com\/?p=11732"},"modified":"2018-03-30T13:59:05","modified_gmt":"2018-03-30T13:59:05","slug":"ciclistas-de-gran-parte-del-pais-concentran-en-rafaela","status":"publish","type":"post","link":"https:\/\/todoapulmon-rafaela.com\/index.php\/2018\/03\/30\/ciclistas-de-gran-parte-del-pais-concentran-en-rafaela\/","title":{"rendered":"Ciclistas de gran parte del pa\u00eds concentran en Rafaela"},"content":{"rendered":"<p>Aprovechando el fin de semana largo con motivo de la Semana Santa y el feriado por Malvinas, los entrenadores Norberto y Daniel Capella programaron una concentraci\u00f3n de ciclistas menores y juveniles de todo el pa\u00eds, para trabajar de cara al Campeonato Argentino para menores y juveniles de pista, que se llevar\u00e1 a cabo en Esperanza del 18 al 20 de mayo.<\/p>\n<p>Est\u00e1n presentes pedalistas de las provincias de C\u00f3rdoba, San Juan, Santiago del Estero, Tucum\u00e1n, Chaco, Corrientes, Entre R\u00edos, Santa Fe y Buenos Aires, \u00abdisfrutando lo que nos gusta. Pasando las pascuas entrenando\u00bb, manifest\u00f3 Daniel.<\/p>\n<p>Acot\u00f3 que \u00abestamos a dos meses del campeonato. Esta es una primera entrada a la pista del grupo completo y la idea es un mes antes del Argentino volver a reunirlos, y hacer la puesta a punto\u00bb.<\/p>\n<p><img loading=\"lazy\" decoding=\"async\" class=\"alignnone size-medium wp-image-11734\" src=\"http:\/\/todoapulmon-rafaela.com\/wp-content\/uploads\/2018\/03\/Concentracion1-300x169.jpg\" alt=\"Concentracion1\" width=\"300\" height=\"169\" srcset=\"https:\/\/todoapulmon-rafaela.com\/wp-content\/uploads\/2018\/03\/Concentracion1-300x169.jpg 300w, https:\/\/todoapulmon-rafaela.com\/wp-content\/uploads\/2018\/03\/Concentracion1-768x432.jpg 768w, https:\/\/todoapulmon-rafaela.com\/wp-content\/uploads\/2018\/03\/Concentracion1-1024x576.jpg 1024w, https:\/\/todoapulmon-rafaela.com\/wp-content\/uploads\/2018\/03\/Concentracion1.jpg 1032w\" sizes=\"(max-width: 300px) 100vw, 300px\" \/><\/p>\n<div style=\"width: 640px;\" class=\"wp-video\"><!--[if lt IE 9]><script>document.createElement('video');<\/script><![endif]-->\n<video class=\"wp-video-shortcode\" id=\"video-11732-1\" width=\"640\" height=\"360\" preload=\"metadata\" controls=\"controls\"><source type=\"video\/mp4\" src=\"http:\/\/todoapulmon-rafaela.com\/wp-content\/uploads\/2018\/03\/20180329_1732531.mp4?_=1\" \/><a href=\"http:\/\/todoapulmon-rafaela.com\/wp-content\/uploads\/2018\/03\/20180329_1732531.mp4\">http:\/\/todoapulmon-rafaela.com\/wp-content\/uploads\/2018\/03\/20180329_1732531.mp4<\/a><\/video><\/div>\n","protected":false},"excerpt":{"rendered":"<p>Aprovechando el fin de semana largo con motivo de la Semana Santa y el feriado por Malvinas, los entrenadores Norberto<\/p>\n","protected":false},"author":2,"featured_media":11733,"comment_status":"open","ping_status":"open","sticky":false,"template":"","format":"standard","meta":{"footnotes":""},"categories":[4,24],"tags":[],"class_list":["post-11732","post","type-post","status-publish","format-standard","has-post-thumbnail","hentry","category-ciclismo","category-noticias-destacadas"],"cc_featured_image_caption":{"caption_text":"Todo el grupo de ciclistas en el vel\u00f3dromo \"H\u00e9ctor Cassina\", junto al entrenador Daniel Capella.","source_text":"","source_url":""},"_links":{"self":[{"href":"https:\/\/todoapulmon-rafaela.com\/index.php\/wp-json\/wp\/v2\/posts\/11732"}],"collection":[{"href":"https:\/\/todoapulmon-rafaela.com\/index.php\/wp-json\/wp\/v2\/posts"}],"about":[{"href":"https:\/\/todoapulmon-rafaela.com\/index.php\/wp-json\/wp\/v2\/types\/post"}],"author":[{"embeddable":true,"href":"https:\/\/todoapulmon-rafaela.com\/index.php\/wp-json\/wp\/v2\/users\/2"}],"replies":[{"embeddable":true,"href":"https:\/\/todoapulmon-rafaela.com\/index.php\/wp-json\/wp\/v2\/comments?post=11732"}],"version-history":[{"count":2,"href":"https:\/\/todoapulmon-rafaela.com\/index.php\/wp-json\/wp\/v2\/posts\/11732\/revisions"}],"predecessor-version":[{"id":11737,"href":"https:\/\/todoapulmon-rafaela.com\/index.php\/wp-json\/wp\/v2\/posts\/11732\/revisions\/11737"}],"wp:featuredmedia":[{"embeddable":true,"href":"https:\/\/todoapulmon-rafaela.com\/index.php\/wp-json\/wp\/v2\/media\/11733"}],"wp:attachment":[{"href":"https:\/\/todoapulmon-rafaela.com\/index.php\/wp-json\/wp\/v2\/media?parent=11732"}],"wp:term":[{"taxonomy":"category","embeddable":true,"href":"https:\/\/todoapulmon-rafaela.com\/index.php\/wp-json\/wp\/v2\/categories?post=11732"},{"taxonomy":"post_tag","embeddable":true,"href":"https:\/\/todoapulmon-rafaela.com\/index.php\/wp-json\/wp\/v2\/tags?post=11732"}],"curies":[{"name":"wp","href":"https:\/\/api.w.org\/{rel}","templated":true}]}}