{"id":1173,"date":"2016-06-03T14:01:48","date_gmt":"2016-06-03T14:01:48","guid":{"rendered":"http:\/\/todoapulmon-rafaela.com\/?p=1173"},"modified":"2016-06-03T14:01:48","modified_gmt":"2016-06-03T14:01:48","slug":"rafaela-debuta-ante-venado-en-el-provincial","status":"publish","type":"post","link":"https:\/\/todoapulmon-rafaela.com\/index.php\/2016\/06\/03\/rafaela-debuta-ante-venado-en-el-provincial\/","title":{"rendered":"Rafaela debuta ante Venado en el Provincial"},"content":{"rendered":"<div>Este viernes comenzar\u00e1 a jugarse una nueva edici\u00f3n del Torneo Provincial de Mayores que organiza la Federaci\u00f3n Santafesina de B\u00e1squet. En la capital provincial, el representativo de la Asociaci\u00f3n Rafaelina debutar\u00e1 desde las 21,30 ante Venado Tuerto, partido que se disputar\u00e1 en Rivadavia Juniors y que corresponde a la Zona \u00abB\u00bb. Por este mismo grupo, a las 17.30, se enfrentar\u00e1n Rosario y Reconquista.<\/div>\n<div>Leonardo Barberis ser\u00e1 el entrenador de nuestro seleccionado, quien estar\u00e1 acompa\u00f1ado por Cristian Losano y Maximiliano Schnidrig como asistentes y Pablo Madera como preparador f\u00edsico.<\/div>\n<div>Los 12 jugadores que integran el plantel son los siguientes:\u00a0Ignacio Boggiato, base (Atl\u00e9tico de Rafaela),\u00a0Juan Cruz Bertero, base (Argentino Quilmes),\u00a0Pedro Porchietto, base (Uni\u00f3n de Sunchales),\u00a0Santiago Caligaris, base (Brown de San Vicente, refuerzo),\u00a0Lucas Riboldi, escolta (Atl\u00e9tico de Rafaela),\u00a0N\u00e9stor Bruneri, escolta (Argentino Quilmes),\u00a0Mart\u00edn Rocchia, alero (Independiente),\u00a0Lucas Demo, alero (Pe\u00f1arol),\u00a0Franco Chiabotto, alero (9 de Julio),\u00a0Facundo Chiabotto, ala pivote (9 de Julio),\u00a0Ignacio Colsani, pivote (Uni\u00f3n de Sunchales) y\u00a0Luciano Volta, pivote (Argentino Quilmes).<\/div>\n<div>En tanto, Venado Tuerto tiene en su lista a Gabriel Hospital, Franco Fogol\u00edn, Nicol\u00e1s Helman, Luciano Ravera, Alexandro Fermani, Luciano Schillage, Agust\u00edn Zanni, Laureano Zalio, Sebasti\u00e1n Uranga, Alejandro Cabrera, Manuel Garc\u00eda y Omar Zanocco. DT: Marcelo Pericich. Asistentes: Diego Garc\u00eda y Ariel Molina.<\/div>\n<div>Cabe acotar que en esta primera jornada, jugar\u00e1n en Col\u00f3n por la Zona A, a las 17.30 Ca\u00f1ada de G\u00f3mez &#8211; Oeste Santafesino y a las 21.30 Santa Fe &#8211; Noroeste.<\/div>\n","protected":false},"excerpt":{"rendered":"<p>Este viernes comenzar\u00e1 a jugarse una nueva edici\u00f3n del Torneo Provincial de Mayores que organiza la Federaci\u00f3n Santafesina de B\u00e1squet.<\/p>\n","protected":false},"author":2,"featured_media":1174,"comment_status":"open","ping_status":"open","sticky":false,"template":"","format":"standard","meta":{"footnotes":""},"categories":[5],"tags":[],"class_list":["post-1173","post","type-post","status-publish","format-standard","has-post-thumbnail","hentry","category-basquet"],"cc_featured_image_caption":{"caption_text":"El seleccionado de la ARB. Ausentes en la foto Mart\u00edn Rocchia y N\u00e9stor Bruneri (Foto prensa ARB).","source_text":"","source_url":""},"_links":{"self":[{"href":"https:\/\/todoapulmon-rafaela.com\/index.php\/wp-json\/wp\/v2\/posts\/1173"}],"collection":[{"href":"https:\/\/todoapulmon-rafaela.com\/index.php\/wp-json\/wp\/v2\/posts"}],"about":[{"href":"https:\/\/todoapulmon-rafaela.com\/index.php\/wp-json\/wp\/v2\/types\/post"}],"author":[{"embeddable":true,"href":"https:\/\/todoapulmon-rafaela.com\/index.php\/wp-json\/wp\/v2\/users\/2"}],"replies":[{"embeddable":true,"href":"https:\/\/todoapulmon-rafaela.com\/index.php\/wp-json\/wp\/v2\/comments?post=1173"}],"version-history":[{"count":1,"href":"https:\/\/todoapulmon-rafaela.com\/index.php\/wp-json\/wp\/v2\/posts\/1173\/revisions"}],"predecessor-version":[{"id":1175,"href":"https:\/\/todoapulmon-rafaela.com\/index.php\/wp-json\/wp\/v2\/posts\/1173\/revisions\/1175"}],"wp:featuredmedia":[{"embeddable":true,"href":"https:\/\/todoapulmon-rafaela.com\/index.php\/wp-json\/wp\/v2\/media\/1174"}],"wp:attachment":[{"href":"https:\/\/todoapulmon-rafaela.com\/index.php\/wp-json\/wp\/v2\/media?parent=1173"}],"wp:term":[{"taxonomy":"category","embeddable":true,"href":"https:\/\/todoapulmon-rafaela.com\/index.php\/wp-json\/wp\/v2\/categories?post=1173"},{"taxonomy":"post_tag","embeddable":true,"href":"https:\/\/todoapulmon-rafaela.com\/index.php\/wp-json\/wp\/v2\/tags?post=1173"}],"curies":[{"name":"wp","href":"https:\/\/api.w.org\/{rel}","templated":true}]}}