{"id":11576,"date":"2018-03-21T14:40:59","date_gmt":"2018-03-21T14:40:59","guid":{"rendered":"http:\/\/todoapulmon-rafaela.com\/?p=11576"},"modified":"2018-03-21T14:44:05","modified_gmt":"2018-03-21T14:44:05","slug":"ribero-sufrio-el-nivel-atp-de-rosol","status":"publish","type":"post","link":"https:\/\/todoapulmon-rafaela.com\/index.php\/2018\/03\/21\/ribero-sufrio-el-nivel-atp-de-rosol\/","title":{"rendered":"Ribero sufri\u00f3 el nivel ATP de Rosol"},"content":{"rendered":"<p>Se termin\u00f3 el Future de Reus, en Espa\u00f1a, para Franco Ribero. El juvenil rafaelino perdi\u00f3 este mi\u00e9rcoles en los octavos de final ante el checo Lukas Rosol por 6-0 y 6-0, en 1h05m de partido.<\/p>\n<p>Luego de cinco victorias consecutivas, ya que recordemos hab\u00eda ganado los cuatro cotejos de la clasificaci\u00f3n para acceder al cuadro principal, el tenista entrenado por Javier Vittar tuvo que medirse con quien fue hace cuatro a\u00f1os n\u00famero 26 del ranking mundial, ganador de dos t\u00edtulos ATP y que por haber sufrido una lesi\u00f3n, est\u00e1 intentando retomar ritmo de competencia, m\u00e1s all\u00e1 de su actual puesto 241 en el ranking mundial.<\/p>\n<p>Para Franco fue muy dif\u00edcil hacerse fuerte desde su saque, a la par que su rival ganaba en confianza, demostrando su gran experiencia en el circuito profesional. Recordemos que Rosol fue ganador de Rafael Nadal en Wimbledon, en 2012.<\/p>\n<p>No obstante, fue una muy buena semana para Ribero, sobre todo porque pudo tomar ritmo de partidos que en este duro comienzo para los j\u00f3venes tenistas profesionales es fundamental, y sumar un nuevo punto ATP.<\/p>\n<p>Hoy tambi\u00e9n perdi\u00f3 Francisco Vittar (que tambi\u00e9n super\u00f3 la qualy), su habitual compa\u00f1ero de dobles y tambi\u00e9n de equipo, frente al espa\u00f1ol Eduard Esteve Lobato, por 6-0 y 6-4.<\/p>\n","protected":false},"excerpt":{"rendered":"<p>Se termin\u00f3 el Future de Reus, en Espa\u00f1a, para Franco Ribero. El juvenil rafaelino perdi\u00f3 este mi\u00e9rcoles en los octavos<\/p>\n","protected":false},"author":2,"featured_media":11577,"comment_status":"open","ping_status":"open","sticky":false,"template":"","format":"standard","meta":{"footnotes":""},"categories":[24,6],"tags":[],"class_list":["post-11576","post","type-post","status-publish","format-standard","has-post-thumbnail","hentry","category-noticias-destacadas","category-tenis"],"cc_featured_image_caption":{"caption_text":"Francisco Vittar y Franco Ribero tuvieron una muy buena semana en Reus.","source_text":"","source_url":""},"_links":{"self":[{"href":"https:\/\/todoapulmon-rafaela.com\/index.php\/wp-json\/wp\/v2\/posts\/11576"}],"collection":[{"href":"https:\/\/todoapulmon-rafaela.com\/index.php\/wp-json\/wp\/v2\/posts"}],"about":[{"href":"https:\/\/todoapulmon-rafaela.com\/index.php\/wp-json\/wp\/v2\/types\/post"}],"author":[{"embeddable":true,"href":"https:\/\/todoapulmon-rafaela.com\/index.php\/wp-json\/wp\/v2\/users\/2"}],"replies":[{"embeddable":true,"href":"https:\/\/todoapulmon-rafaela.com\/index.php\/wp-json\/wp\/v2\/comments?post=11576"}],"version-history":[{"count":1,"href":"https:\/\/todoapulmon-rafaela.com\/index.php\/wp-json\/wp\/v2\/posts\/11576\/revisions"}],"predecessor-version":[{"id":11578,"href":"https:\/\/todoapulmon-rafaela.com\/index.php\/wp-json\/wp\/v2\/posts\/11576\/revisions\/11578"}],"wp:featuredmedia":[{"embeddable":true,"href":"https:\/\/todoapulmon-rafaela.com\/index.php\/wp-json\/wp\/v2\/media\/11577"}],"wp:attachment":[{"href":"https:\/\/todoapulmon-rafaela.com\/index.php\/wp-json\/wp\/v2\/media?parent=11576"}],"wp:term":[{"taxonomy":"category","embeddable":true,"href":"https:\/\/todoapulmon-rafaela.com\/index.php\/wp-json\/wp\/v2\/categories?post=11576"},{"taxonomy":"post_tag","embeddable":true,"href":"https:\/\/todoapulmon-rafaela.com\/index.php\/wp-json\/wp\/v2\/tags?post=11576"}],"curies":[{"name":"wp","href":"https:\/\/api.w.org\/{rel}","templated":true}]}}