{"id":11503,"date":"2018-03-17T14:29:49","date_gmt":"2018-03-17T14:29:49","guid":{"rendered":"http:\/\/todoapulmon-rafaela.com\/?p=11503"},"modified":"2018-03-17T14:29:49","modified_gmt":"2018-03-17T14:29:49","slug":"susana-tendra-una-noche-de-running-solidario-a-traves-de-senderos-centro-de-dia","status":"publish","type":"post","link":"https:\/\/todoapulmon-rafaela.com\/index.php\/2018\/03\/17\/susana-tendra-una-noche-de-running-solidario-a-traves-de-senderos-centro-de-dia\/","title":{"rendered":"Susana tendr\u00e1 una noche de running solidario a trav\u00e9s de Senderos Centro de D\u00eda"},"content":{"rendered":"<p>El venidero viernes 23 de marzo el running tendr\u00e1 su cita en Susana, a trav\u00e9s de la primera \u00abMarat\u00f3n Nocturna Solidaria &#8216;Senderos de Susana'\u00bb, organizada por la instituci\u00f3n Senderos Centro de D\u00eda y la Comuna de la mencionada localidad.<\/p>\n<p>En Todo a Pulm\u00f3n radio, ayer por Radio El Espectador, Carolina Wilson -profesora de Educaci\u00f3n F\u00edsica y una de las responsables de la organizaci\u00f3n- nos cont\u00f3 su satisfacci\u00f3n por el buen ritmo que vienen teniendo en cuanto a inscripciones, que seguramente se ir\u00e1n incrementando en la \u00faltima semana.<\/p>\n<p>Cabe mencionar que la idea surgi\u00f3 como una manera de integrar a quienes forman parte de la instituci\u00f3n, que cumple con un importante rol de contenci\u00f3n e inclusi\u00f3n en la vecina localidad con personas de capacidades diferentes. La prueba ser\u00e1 en las distancias de 10, 4 y 1 kil\u00f3metro, desarroll\u00e1ndose el circuito en las avenidas de la poblaci\u00f3n.<\/p>\n<p>Las inscripciones pueden realizarse consultando al facebook Senderos Centro de D\u00eda, acotando que el viernes 23 desde las 19 se estar\u00e1n recibiendo inscripciones de manera presencial.<\/p>\n<p>LOS DATOS DE LA PRUEBA<\/p>\n<p><span class=\"_5mfr _47e3\"><img loading=\"lazy\" decoding=\"async\" class=\"img\" src=\"https:\/\/static.xx.fbcdn.net\/images\/emoji.php\/v9\/fc6\/1\/16\/1f6a9.png\" alt=\"\" width=\"16\" height=\"16\" \/><span class=\"_7oe\">?<\/span><\/span>DIA: 23\/03\/18.<br \/>\n<span class=\"_5mfr _47e3\"><img loading=\"lazy\" decoding=\"async\" class=\"img\" src=\"https:\/\/static.xx.fbcdn.net\/images\/emoji.php\/v9\/fc6\/1\/16\/1f6a9.png\" alt=\"\" width=\"16\" height=\"16\" \/><span class=\"_7oe\">?<\/span><\/span>3 categor\u00edas (1km, 4 km y 10km).<br \/>\n<span class=\"_5mfr _47e3\"><img loading=\"lazy\" decoding=\"async\" class=\"img\" src=\"https:\/\/static.xx.fbcdn.net\/images\/emoji.php\/v9\/fc6\/1\/16\/1f6a9.png\" alt=\"\" width=\"16\" height=\"16\" \/><span class=\"_7oe\">?<\/span><\/span>Para todas las edades !!<br \/>\n<span class=\"_5mfr _47e3\"><img loading=\"lazy\" decoding=\"async\" class=\"img\" src=\"https:\/\/static.xx.fbcdn.net\/images\/emoji.php\/v9\/fc6\/1\/16\/1f6a9.png\" alt=\"\" width=\"16\" height=\"16\" \/><span class=\"_7oe\">?<\/span><\/span><span class=\"text_exposed_show\">Hora de largada: 22 hs.<br \/>\n<span class=\"_5mfr _47e3\"><img loading=\"lazy\" decoding=\"async\" class=\"img\" src=\"https:\/\/static.xx.fbcdn.net\/images\/emoji.php\/v9\/fc6\/1\/16\/1f6a9.png\" alt=\"\" width=\"16\" height=\"16\" \/><span class=\"_7oe\">?<\/span><\/span>A partir del 12\/03 estar\u00e1n abiertas las inscripciones en La instituci\u00f3n (Rostoni 52 &#8211; Susana- Santa Fe) o a trav\u00e9s de los profesionales a cargo. O el mismo d\u00eda de la marat\u00f3n a partir de las 19:00 hs.<br \/>\n<span class=\"_5mfr _47e3\"><img loading=\"lazy\" decoding=\"async\" class=\"img\" src=\"https:\/\/static.xx.fbcdn.net\/images\/emoji.php\/v9\/fc6\/1\/16\/1f6a9.png\" alt=\"\" width=\"16\" height=\"16\" \/><span class=\"_7oe\">?<\/span><\/span>Organiza: Senderos Centro de D\u00eda \/ Comuna de Susana.<br \/>\n<span class=\"_5mfr _47e3\"><img loading=\"lazy\" decoding=\"async\" class=\"img\" src=\"https:\/\/static.xx.fbcdn.net\/images\/emoji.php\/v9\/fc6\/1\/16\/1f6a9.png\" alt=\"\" width=\"16\" height=\"16\" \/><span class=\"_7oe\">?<\/span><\/span>Costo: $100.<br \/>\n<span class=\"_5mfr _47e3\"><img loading=\"lazy\" decoding=\"async\" class=\"img\" src=\"https:\/\/static.xx.fbcdn.net\/images\/emoji.php\/v9\/fc6\/1\/16\/1f6a9.png\" alt=\"\" width=\"16\" height=\"16\" \/><span class=\"_7oe\">?<\/span><\/span>Premios: con el N\u00b0 de competencia habr\u00e1 importantes premios.<br \/>\n<span class=\"_5mfr _47e3\"><img loading=\"lazy\" decoding=\"async\" class=\"img\" src=\"https:\/\/static.xx.fbcdn.net\/images\/emoji.php\/v9\/fc6\/1\/16\/1f6a9.png\" alt=\"\" width=\"16\" height=\"16\" \/><span class=\"_7oe\">?<\/span><\/span>En la llegada habr\u00e1 una feria del plato atendida por las empresas gastron\u00f3micas del pueblo.<\/span><\/p>\n","protected":false},"excerpt":{"rendered":"<p>El venidero viernes 23 de marzo el running tendr\u00e1 su cita en Susana, a trav\u00e9s de la primera \u00abMarat\u00f3n Nocturna<\/p>\n","protected":false},"author":2,"featured_media":11504,"comment_status":"open","ping_status":"open","sticky":false,"template":"","format":"standard","meta":{"footnotes":""},"categories":[7,24],"tags":[],"class_list":["post-11503","post","type-post","status-publish","format-standard","has-post-thumbnail","hentry","category-atletismo","category-noticias-destacadas"],"cc_featured_image_caption":{"caption_text":"Senderos Centro de D\u00eda, ubicada en Rostoni 52, de Susana.","source_text":"","source_url":""},"_links":{"self":[{"href":"https:\/\/todoapulmon-rafaela.com\/index.php\/wp-json\/wp\/v2\/posts\/11503"}],"collection":[{"href":"https:\/\/todoapulmon-rafaela.com\/index.php\/wp-json\/wp\/v2\/posts"}],"about":[{"href":"https:\/\/todoapulmon-rafaela.com\/index.php\/wp-json\/wp\/v2\/types\/post"}],"author":[{"embeddable":true,"href":"https:\/\/todoapulmon-rafaela.com\/index.php\/wp-json\/wp\/v2\/users\/2"}],"replies":[{"embeddable":true,"href":"https:\/\/todoapulmon-rafaela.com\/index.php\/wp-json\/wp\/v2\/comments?post=11503"}],"version-history":[{"count":1,"href":"https:\/\/todoapulmon-rafaela.com\/index.php\/wp-json\/wp\/v2\/posts\/11503\/revisions"}],"predecessor-version":[{"id":11505,"href":"https:\/\/todoapulmon-rafaela.com\/index.php\/wp-json\/wp\/v2\/posts\/11503\/revisions\/11505"}],"wp:featuredmedia":[{"embeddable":true,"href":"https:\/\/todoapulmon-rafaela.com\/index.php\/wp-json\/wp\/v2\/media\/11504"}],"wp:attachment":[{"href":"https:\/\/todoapulmon-rafaela.com\/index.php\/wp-json\/wp\/v2\/media?parent=11503"}],"wp:term":[{"taxonomy":"category","embeddable":true,"href":"https:\/\/todoapulmon-rafaela.com\/index.php\/wp-json\/wp\/v2\/categories?post=11503"},{"taxonomy":"post_tag","embeddable":true,"href":"https:\/\/todoapulmon-rafaela.com\/index.php\/wp-json\/wp\/v2\/tags?post=11503"}],"curies":[{"name":"wp","href":"https:\/\/api.w.org\/{rel}","templated":true}]}}