{"id":11398,"date":"2018-03-15T11:44:25","date_gmt":"2018-03-15T11:44:25","guid":{"rendered":"http:\/\/todoapulmon-rafaela.com\/?p=11398"},"modified":"2018-03-15T11:44:25","modified_gmt":"2018-03-15T11:44:25","slug":"bikers-rafaelinos-en-el-dos-provincias","status":"publish","type":"post","link":"https:\/\/todoapulmon-rafaela.com\/index.php\/2018\/03\/15\/bikers-rafaelinos-en-el-dos-provincias\/","title":{"rendered":"Bikers rafaelinos en el Dos Provincias"},"content":{"rendered":"<p>Con m\u00e1s de 130 bikers se desarroll\u00f3 el domingo, en Brinkmann, la primera fecha del Campeonato de Mountain Bike Dos Provincias, programada en el circuito Hugo Daniele.<\/p>\n<p>El ganador de la general caballeros fue Joaqu\u00edn Camissi, de Esperanza, con un tiempo de 1:29:11, en segundo lugar culmin\u00f3 Lucas Dal Bon de Morteros y tercero fue Juan Cruz Ronchi de San Crist\u00f3bal. En damas, la ganadora<span class=\"text_exposed_show\">\u00a0de la feneral fue la rafaelina Luisina Simondi, segunda Rosal\u00eda Gentinetta, tambi\u00e9n de nuestra ciudad, y tercera Valeria Bianco, de Morteros.\u00a0<\/span><\/p>\n<p>Entre los resultados m\u00e1s meritorios de los pedalistas raafelinos por categor\u00edas, en damas, Simondi gan\u00f3 en Elite y Gentinetta en Damas B. En caballeros A1 fue segundo Alejandro Palmero (en la general qued\u00f3 noveno), y en B se ubic\u00f3 cuarto Pablo Schnidrig. En Master C, quedaron tercero y cuarto, respectivamente, Fernando Simondi y Ricardo Paz. Y en Master D fue segundo H\u00e9ctor Boretto.<\/p>\n<p>Cabe acotar que tambi\u00e9n se realizaron pruebas para infantiles. En la categor\u00eda D fue segundo Agust\u00edn Heinzmann.<\/p>\n<p>La segunda fecha se correr\u00e1 el domingo 6 de mayo en Altos de Chipi\u00f3n.<\/p>\n","protected":false},"excerpt":{"rendered":"<p>Con m\u00e1s de 130 bikers se desarroll\u00f3 el domingo, en Brinkmann, la primera fecha del Campeonato de Mountain Bike Dos<\/p>\n","protected":false},"author":2,"featured_media":11399,"comment_status":"open","ping_status":"open","sticky":false,"template":"","format":"standard","meta":{"footnotes":""},"categories":[4],"tags":[],"class_list":["post-11398","post","type-post","status-publish","format-standard","has-post-thumbnail","hentry","category-ciclismo"],"cc_featured_image_caption":{"caption_text":"Alejandro Palmero, segundo en Elite (Foto Alejandro Cortez).","source_text":"","source_url":""},"_links":{"self":[{"href":"https:\/\/todoapulmon-rafaela.com\/index.php\/wp-json\/wp\/v2\/posts\/11398"}],"collection":[{"href":"https:\/\/todoapulmon-rafaela.com\/index.php\/wp-json\/wp\/v2\/posts"}],"about":[{"href":"https:\/\/todoapulmon-rafaela.com\/index.php\/wp-json\/wp\/v2\/types\/post"}],"author":[{"embeddable":true,"href":"https:\/\/todoapulmon-rafaela.com\/index.php\/wp-json\/wp\/v2\/users\/2"}],"replies":[{"embeddable":true,"href":"https:\/\/todoapulmon-rafaela.com\/index.php\/wp-json\/wp\/v2\/comments?post=11398"}],"version-history":[{"count":1,"href":"https:\/\/todoapulmon-rafaela.com\/index.php\/wp-json\/wp\/v2\/posts\/11398\/revisions"}],"predecessor-version":[{"id":11400,"href":"https:\/\/todoapulmon-rafaela.com\/index.php\/wp-json\/wp\/v2\/posts\/11398\/revisions\/11400"}],"wp:featuredmedia":[{"embeddable":true,"href":"https:\/\/todoapulmon-rafaela.com\/index.php\/wp-json\/wp\/v2\/media\/11399"}],"wp:attachment":[{"href":"https:\/\/todoapulmon-rafaela.com\/index.php\/wp-json\/wp\/v2\/media?parent=11398"}],"wp:term":[{"taxonomy":"category","embeddable":true,"href":"https:\/\/todoapulmon-rafaela.com\/index.php\/wp-json\/wp\/v2\/categories?post=11398"},{"taxonomy":"post_tag","embeddable":true,"href":"https:\/\/todoapulmon-rafaela.com\/index.php\/wp-json\/wp\/v2\/tags?post=11398"}],"curies":[{"name":"wp","href":"https:\/\/api.w.org\/{rel}","templated":true}]}}