{"id":11381,"date":"2018-03-14T14:46:48","date_gmt":"2018-03-14T14:46:48","guid":{"rendered":"http:\/\/todoapulmon-rafaela.com\/?p=11381"},"modified":"2018-03-14T14:46:48","modified_gmt":"2018-03-14T14:46:48","slug":"debut-con-triunfo-para-fede-zeiter-en-el-g-1","status":"publish","type":"post","link":"https:\/\/todoapulmon-rafaela.com\/index.php\/2018\/03\/14\/debut-con-triunfo-para-fede-zeiter-en-el-g-1\/","title":{"rendered":"Debut con triunfo para Fede Zeiter en el G-1"},"content":{"rendered":"<p>El tenista rafaelino Federico Zeiter arranc\u00f3 de la mejor manera el torneo Nacional Grado 1 que se disputa en Mendoza. En su presentaci\u00f3n en el cuadro principal derrot\u00f3 en la categor\u00eda Sub 16 a Santiago Tiseyra por 7-5 y 7-5, resultado que le permiti\u00f3 ya ingresar entre los 16 mejores en el ranking nacional.<\/p>\n<p>Ma\u00f1ana tendr\u00e1 un duro escollo, ya que deber\u00e1 enfrentar al n\u00famero 1 del pa\u00eds, el mendocino M\u00e1ximo Lucentini.<\/p>\n<p>El jugador que entrena actualmente con Mariano Fava y Mar\u00eda Jos\u00e9 Costamagna en el Aero Club confirma su excelente comienzo de temporada, recordando que hac\u00eda 4 a\u00f1os que no jugaba un G-1 y que es el \u00fanico tenista rafaelino en la m\u00e1xima competencia del tenis de menores de nuestro pa\u00eds.<\/p>\n","protected":false},"excerpt":{"rendered":"<p>El tenista rafaelino Federico Zeiter arranc\u00f3 de la mejor manera el torneo Nacional Grado 1 que se disputa en Mendoza.<\/p>\n","protected":false},"author":2,"featured_media":11073,"comment_status":"open","ping_status":"open","sticky":false,"template":"","format":"standard","meta":{"footnotes":""},"categories":[24,6],"tags":[],"class_list":["post-11381","post","type-post","status-publish","format-standard","has-post-thumbnail","hentry","category-noticias-destacadas","category-tenis"],"cc_featured_image_caption":{"caption_text":"Federico Zeiter ya est\u00e1 entre los mejores 16 del pa\u00eds en Sub 16.","source_text":"","source_url":""},"_links":{"self":[{"href":"https:\/\/todoapulmon-rafaela.com\/index.php\/wp-json\/wp\/v2\/posts\/11381"}],"collection":[{"href":"https:\/\/todoapulmon-rafaela.com\/index.php\/wp-json\/wp\/v2\/posts"}],"about":[{"href":"https:\/\/todoapulmon-rafaela.com\/index.php\/wp-json\/wp\/v2\/types\/post"}],"author":[{"embeddable":true,"href":"https:\/\/todoapulmon-rafaela.com\/index.php\/wp-json\/wp\/v2\/users\/2"}],"replies":[{"embeddable":true,"href":"https:\/\/todoapulmon-rafaela.com\/index.php\/wp-json\/wp\/v2\/comments?post=11381"}],"version-history":[{"count":1,"href":"https:\/\/todoapulmon-rafaela.com\/index.php\/wp-json\/wp\/v2\/posts\/11381\/revisions"}],"predecessor-version":[{"id":11382,"href":"https:\/\/todoapulmon-rafaela.com\/index.php\/wp-json\/wp\/v2\/posts\/11381\/revisions\/11382"}],"wp:featuredmedia":[{"embeddable":true,"href":"https:\/\/todoapulmon-rafaela.com\/index.php\/wp-json\/wp\/v2\/media\/11073"}],"wp:attachment":[{"href":"https:\/\/todoapulmon-rafaela.com\/index.php\/wp-json\/wp\/v2\/media?parent=11381"}],"wp:term":[{"taxonomy":"category","embeddable":true,"href":"https:\/\/todoapulmon-rafaela.com\/index.php\/wp-json\/wp\/v2\/categories?post=11381"},{"taxonomy":"post_tag","embeddable":true,"href":"https:\/\/todoapulmon-rafaela.com\/index.php\/wp-json\/wp\/v2\/tags?post=11381"}],"curies":[{"name":"wp","href":"https:\/\/api.w.org\/{rel}","templated":true}]}}