{"id":11352,"date":"2018-03-12T19:33:57","date_gmt":"2018-03-12T19:33:57","guid":{"rendered":"http:\/\/todoapulmon-rafaela.com\/?p=11352"},"modified":"2018-03-12T19:33:57","modified_gmt":"2018-03-12T19:33:57","slug":"romitelli-gano-en-mar-del-plata-y-aseguro-pasaje-al-panamericano","status":"publish","type":"post","link":"https:\/\/todoapulmon-rafaela.com\/index.php\/2018\/03\/12\/romitelli-gano-en-mar-del-plata-y-aseguro-pasaje-al-panamericano\/","title":{"rendered":"Romitelli gan\u00f3 en Mar del Plata y asegur\u00f3 pasaje al Panamericano"},"content":{"rendered":"<p>Este fin de semana se disput\u00f3 en Mar del Plata el cuarto Selectivo de la Federaci\u00f3n Argentina de Tiro Pr\u00e1ctico, de cara a la conformaci\u00f3n del equipo Nacional para el Campeonato Panamericano que se disputar\u00e1 en Jamaica durante el mes de julio. El rafaelino Germ\u00e1n Romitelli logr\u00f3 un nuevo triunfo y asegur\u00f3 su lugar para la cita internacional con el equipo oficial, cuando todav\u00eda resta un nuevo clasificatorio, previsto dentro de dos semanas en Buenos Aires.<\/p>\n<p>El certamen disputado en la ciudad feliz fue realmente muy entretenido y de gran nivel. Se trat\u00f3 del Open Argentina 2018, durante el s\u00e1bado 10 y domingo 11 de marzo, que const\u00f3 de 16 etapas con 300 disparos, aproximadamente.<\/p>\n<p>Romitelli tuvo que remar una diferencia de alrededor de 45 puntos con Nicol\u00e1s Orozco, un valor local que retom\u00f3 la disciplina y cuenta con un buen potencial. Antes de comenzar la \u00faltima etapa, Romitelli estaba segundo a 20 puntos y consigui\u00f3 ganarla por 21!!, lo cual es muy dif\u00edcil en tan solo 12 disparos, pero el representante del Tiro Federal de nuestra ciudad pudo lograrlo y de tal modo se llev\u00f3 la victoria de manera exigua, con el valor extra de servir para la clasificaci\u00f3n para Jamaica.<\/p>\n<p style=\"font-weight: 400\">Estas fueron las principales posiciones de la categor\u00eda Producci\u00f3n: 1) Germ\u00e1n Romitelli 100%, 2) Nicol\u00e1s Orozco 99.95; 3) Gabriel Alba, 4) Adri\u00e1n Burgos; 5) Daniel Zoppi; 6) Pablo Rocchelli; 7) Marcelo Prieto; 8) Gonzalo De la Fuente Casal; 9) Gabriel Mondaca (Chile) y 10) Zdenek Nemecek (Rep. Checa).<\/p>\n<p style=\"font-weight: 400\">\n","protected":false},"excerpt":{"rendered":"<p>Este fin de semana se disput\u00f3 en Mar del Plata el cuarto Selectivo de la Federaci\u00f3n Argentina de Tiro Pr\u00e1ctico,<\/p>\n","protected":false},"author":2,"featured_media":11353,"comment_status":"open","ping_status":"open","sticky":false,"template":"","format":"standard","meta":{"footnotes":""},"categories":[24,19],"tags":[],"class_list":["post-11352","post","type-post","status-publish","format-standard","has-post-thumbnail","hentry","category-noticias-destacadas","category-tiro"],"cc_featured_image_caption":{"caption_text":"Germ\u00e1n Romitelli logr\u00f3 la clasificaci\u00f3n para una nueva competencia internacional.","source_text":"","source_url":""},"_links":{"self":[{"href":"https:\/\/todoapulmon-rafaela.com\/index.php\/wp-json\/wp\/v2\/posts\/11352"}],"collection":[{"href":"https:\/\/todoapulmon-rafaela.com\/index.php\/wp-json\/wp\/v2\/posts"}],"about":[{"href":"https:\/\/todoapulmon-rafaela.com\/index.php\/wp-json\/wp\/v2\/types\/post"}],"author":[{"embeddable":true,"href":"https:\/\/todoapulmon-rafaela.com\/index.php\/wp-json\/wp\/v2\/users\/2"}],"replies":[{"embeddable":true,"href":"https:\/\/todoapulmon-rafaela.com\/index.php\/wp-json\/wp\/v2\/comments?post=11352"}],"version-history":[{"count":1,"href":"https:\/\/todoapulmon-rafaela.com\/index.php\/wp-json\/wp\/v2\/posts\/11352\/revisions"}],"predecessor-version":[{"id":11354,"href":"https:\/\/todoapulmon-rafaela.com\/index.php\/wp-json\/wp\/v2\/posts\/11352\/revisions\/11354"}],"wp:featuredmedia":[{"embeddable":true,"href":"https:\/\/todoapulmon-rafaela.com\/index.php\/wp-json\/wp\/v2\/media\/11353"}],"wp:attachment":[{"href":"https:\/\/todoapulmon-rafaela.com\/index.php\/wp-json\/wp\/v2\/media?parent=11352"}],"wp:term":[{"taxonomy":"category","embeddable":true,"href":"https:\/\/todoapulmon-rafaela.com\/index.php\/wp-json\/wp\/v2\/categories?post=11352"},{"taxonomy":"post_tag","embeddable":true,"href":"https:\/\/todoapulmon-rafaela.com\/index.php\/wp-json\/wp\/v2\/tags?post=11352"}],"curies":[{"name":"wp","href":"https:\/\/api.w.org\/{rel}","templated":true}]}}