{"id":1133,"date":"2016-06-01T00:09:45","date_gmt":"2016-06-01T00:09:45","guid":{"rendered":"http:\/\/todoapulmon-rafaela.com\/?p=1133"},"modified":"2016-06-01T00:09:45","modified_gmt":"2016-06-01T00:09:45","slug":"buena-respuesta-y-buen-nivel-de-jugadoras-3","status":"publish","type":"post","link":"https:\/\/todoapulmon-rafaela.com\/index.php\/2016\/06\/01\/buena-respuesta-y-buen-nivel-de-jugadoras-3\/","title":{"rendered":"\u00abBuena respuesta y buen nivel de jugadoras\u00bb"},"content":{"rendered":"<p>En el gimnasio \u201c17 de Junio\u201d de Ben Hur se realiz\u00f3 ayer la primera jornada del Campamento de b\u00e1squet femenino organizado por la Confederaci\u00f3n Argentina de B\u00e1squetbol. El coach Hern\u00e1n Amaya, encargado de la parte formativa de la CABB en femenino, trabaj\u00f3 en doble turno en sendos bloques para las categor\u00edas U14 y U17.<\/p>\n<p>Al cabo del entrenamiento,el entrenador expres\u00f3 su satisfacci\u00f3n \u201cpor la respuesta de jugadoras que tuvimos y por su buen nivel. Buscamos de todo que nos pueda servir para nutrir a nuestros equipos. Es la primera vez que venimos a Rafaela y comprobamos que de aqu\u00ed surgen buenas jugadoras, m\u00e1s all\u00e1 de venir trabajando desde el a\u00f1o pasado con Candela Gentinetta y Luc\u00eda Operto en el U15\u201d.<\/p>\n<p>Dentro de la planificaci\u00f3n estipulada en estas jornadas, se realizaba este martes tambi\u00e9n una charla para entrenadores en el Hotel Plaza Ben Hur.<\/p>\n","protected":false},"excerpt":{"rendered":"<p>En el gimnasio \u201c17 de Junio\u201d de Ben Hur se realiz\u00f3 ayer la primera jornada del Campamento de b\u00e1squet femenino<\/p>\n","protected":false},"author":2,"featured_media":1134,"comment_status":"open","ping_status":"open","sticky":false,"template":"","format":"standard","meta":{"footnotes":""},"categories":[5],"tags":[],"class_list":["post-1133","post","type-post","status-publish","format-standard","has-post-thumbnail","hentry","category-basquet"],"cc_featured_image_caption":{"caption_text":"El entrenador Hern\u00e1n Amaya durante una parte de su trabajo con las U17.","source_text":"","source_url":""},"_links":{"self":[{"href":"https:\/\/todoapulmon-rafaela.com\/index.php\/wp-json\/wp\/v2\/posts\/1133"}],"collection":[{"href":"https:\/\/todoapulmon-rafaela.com\/index.php\/wp-json\/wp\/v2\/posts"}],"about":[{"href":"https:\/\/todoapulmon-rafaela.com\/index.php\/wp-json\/wp\/v2\/types\/post"}],"author":[{"embeddable":true,"href":"https:\/\/todoapulmon-rafaela.com\/index.php\/wp-json\/wp\/v2\/users\/2"}],"replies":[{"embeddable":true,"href":"https:\/\/todoapulmon-rafaela.com\/index.php\/wp-json\/wp\/v2\/comments?post=1133"}],"version-history":[{"count":1,"href":"https:\/\/todoapulmon-rafaela.com\/index.php\/wp-json\/wp\/v2\/posts\/1133\/revisions"}],"predecessor-version":[{"id":1135,"href":"https:\/\/todoapulmon-rafaela.com\/index.php\/wp-json\/wp\/v2\/posts\/1133\/revisions\/1135"}],"wp:featuredmedia":[{"embeddable":true,"href":"https:\/\/todoapulmon-rafaela.com\/index.php\/wp-json\/wp\/v2\/media\/1134"}],"wp:attachment":[{"href":"https:\/\/todoapulmon-rafaela.com\/index.php\/wp-json\/wp\/v2\/media?parent=1133"}],"wp:term":[{"taxonomy":"category","embeddable":true,"href":"https:\/\/todoapulmon-rafaela.com\/index.php\/wp-json\/wp\/v2\/categories?post=1133"},{"taxonomy":"post_tag","embeddable":true,"href":"https:\/\/todoapulmon-rafaela.com\/index.php\/wp-json\/wp\/v2\/tags?post=1133"}],"curies":[{"name":"wp","href":"https:\/\/api.w.org\/{rel}","templated":true}]}}