{"id":11193,"date":"2018-03-01T18:04:56","date_gmt":"2018-03-01T18:04:56","guid":{"rendered":"http:\/\/todoapulmon-rafaela.com\/?p=11193"},"modified":"2018-03-01T18:04:56","modified_gmt":"2018-03-01T18:04:56","slug":"montesano-dio-la-convocatoria-del-preseleccionado-sub-16-2","status":"publish","type":"post","link":"https:\/\/todoapulmon-rafaela.com\/index.php\/2018\/03\/01\/montesano-dio-la-convocatoria-del-preseleccionado-sub-16-2\/","title":{"rendered":"Montesano dio la convocatoria del preseleccionado Sub 16"},"content":{"rendered":"<p>Los distintos seleccionados de la Asociaci\u00f3n Santafesina de Hockey empiezan a entrenar muy temprano en esta temporada, de cara a los campeonatos argentinos. El Sub 16 de damas comenzar\u00e1 las pr\u00e1cticas el lunes 5 de marzo a las 17, en el sint\u00e9tico de la ASH en la capital provincial, a las \u00f3rdenes de Fabi\u00e1n Montesano. El certamen de la categor\u00eda tendr\u00e1 lugar en Misiones, del 12 al 15 de julio.<\/p>\n<p>El entrenador del C\u00edrculo Rafaelino entreg\u00f3 una pre-lista de 47 jugadoras, entre las que se encuentran cinco integrantes de CRAR. Las mismas son: Alina Costamagna (ya jug\u00f3 el a\u00f1o pasado el Argentino), Josefina Kerstens, Catalina Schiavi (el a\u00f1o pasado jug\u00f3 el Argentino Sub 14), Mar\u00eda del Rosario Cordero y Milagros Al\u00ed.<\/p>\n<p>Montesano estar\u00e1 acompa\u00f1ado en el cuerpo t\u00e9cnico por Lorena Martegani (ayudante) y Jos\u00e9 Femenias (PF).<\/p>\n<p><img loading=\"lazy\" decoding=\"async\" class=\"alignnone size-medium wp-image-11189\" src=\"http:\/\/todoapulmon-rafaela.com\/wp-content\/uploads\/2018\/03\/Trio-hockey-225x300.jpg\" alt=\"Trio hockey\" width=\"225\" height=\"300\" srcset=\"https:\/\/todoapulmon-rafaela.com\/wp-content\/uploads\/2018\/03\/Trio-hockey-225x300.jpg 225w, https:\/\/todoapulmon-rafaela.com\/wp-content\/uploads\/2018\/03\/Trio-hockey.jpg 720w\" sizes=\"(max-width: 225px) 100vw, 225px\" \/><img loading=\"lazy\" decoding=\"async\" class=\"alignnone size-medium wp-image-11191\" src=\"http:\/\/todoapulmon-rafaela.com\/wp-content\/uploads\/2018\/03\/Schiavi-y-ali-300x274.jpg\" alt=\"Schiavi y ali\" width=\"300\" height=\"274\" srcset=\"https:\/\/todoapulmon-rafaela.com\/wp-content\/uploads\/2018\/03\/Schiavi-y-ali-300x274.jpg 300w, https:\/\/todoapulmon-rafaela.com\/wp-content\/uploads\/2018\/03\/Schiavi-y-ali-768x702.jpg 768w, https:\/\/todoapulmon-rafaela.com\/wp-content\/uploads\/2018\/03\/Schiavi-y-ali.jpg 960w\" sizes=\"(max-width: 300px) 100vw, 300px\" \/><\/p>\n","protected":false},"excerpt":{"rendered":"<p>Los distintos seleccionados de la Asociaci\u00f3n Santafesina de Hockey empiezan a entrenar muy temprano en esta temporada, de cara a<\/p>\n","protected":false},"author":2,"featured_media":11188,"comment_status":"open","ping_status":"open","sticky":false,"template":"","format":"standard","meta":{"footnotes":""},"categories":[3,24],"tags":[],"class_list":["post-11193","post","type-post","status-publish","format-standard","has-post-thumbnail","hentry","category-hockey","category-noticias-destacadas"],"cc_featured_image_caption":{"caption_text":"","source_text":"","source_url":""},"_links":{"self":[{"href":"https:\/\/todoapulmon-rafaela.com\/index.php\/wp-json\/wp\/v2\/posts\/11193"}],"collection":[{"href":"https:\/\/todoapulmon-rafaela.com\/index.php\/wp-json\/wp\/v2\/posts"}],"about":[{"href":"https:\/\/todoapulmon-rafaela.com\/index.php\/wp-json\/wp\/v2\/types\/post"}],"author":[{"embeddable":true,"href":"https:\/\/todoapulmon-rafaela.com\/index.php\/wp-json\/wp\/v2\/users\/2"}],"replies":[{"embeddable":true,"href":"https:\/\/todoapulmon-rafaela.com\/index.php\/wp-json\/wp\/v2\/comments?post=11193"}],"version-history":[{"count":1,"href":"https:\/\/todoapulmon-rafaela.com\/index.php\/wp-json\/wp\/v2\/posts\/11193\/revisions"}],"predecessor-version":[{"id":11194,"href":"https:\/\/todoapulmon-rafaela.com\/index.php\/wp-json\/wp\/v2\/posts\/11193\/revisions\/11194"}],"wp:featuredmedia":[{"embeddable":true,"href":"https:\/\/todoapulmon-rafaela.com\/index.php\/wp-json\/wp\/v2\/media\/11188"}],"wp:attachment":[{"href":"https:\/\/todoapulmon-rafaela.com\/index.php\/wp-json\/wp\/v2\/media?parent=11193"}],"wp:term":[{"taxonomy":"category","embeddable":true,"href":"https:\/\/todoapulmon-rafaela.com\/index.php\/wp-json\/wp\/v2\/categories?post=11193"},{"taxonomy":"post_tag","embeddable":true,"href":"https:\/\/todoapulmon-rafaela.com\/index.php\/wp-json\/wp\/v2\/tags?post=11193"}],"curies":[{"name":"wp","href":"https:\/\/api.w.org\/{rel}","templated":true}]}}