{"id":11069,"date":"2018-02-21T23:03:30","date_gmt":"2018-02-21T23:03:30","guid":{"rendered":"http:\/\/todoapulmon-rafaela.com\/?p=11069"},"modified":"2018-02-21T23:05:15","modified_gmt":"2018-02-21T23:05:15","slug":"emmert-clasifico-para-el-sudamericano","status":"publish","type":"post","link":"https:\/\/todoapulmon-rafaela.com\/index.php\/2018\/02\/21\/emmert-clasifico-para-el-sudamericano\/","title":{"rendered":"Emmert clasific\u00f3 para el Sudamericano"},"content":{"rendered":"<p>Si bien era casi un hecho teniendo en cuenta las performances previas que fueron clasificatorias del calendario nacional, Pedro Emmert recibi\u00f3 esta semana la confirmaci\u00f3n de la Federaci\u00f3n Argentina de Triatl\u00f3n sobre su clasificaci\u00f3n para el Campeonato Sudamericano a disputarse en Montevideo, el 10 de marzo.<\/p>\n<p>El rafaelino qued\u00f3 12\u00ba el pasado s\u00e1bado en el \u00abVendimia\u00bb, en la general de Sprint, y 7\u00ba en la categor\u00eda de 16-17 a\u00f1os, en una competencia de car\u00e1cter internacional por una importante cantidad de representantes chilenos. En la prueba de Sprint realizada en Mendoza hubo 185 inscriptos.<br \/>\nCon estos resultados, qued\u00f3 confirmada la clasificaci\u00f3n de Pedro entre los ocho primeros juniors, acotando que la prueba en Montevideo ser\u00e1 tambi\u00e9n en Sprint con las mismas distancias (750 m. de nataci\u00f3n, 20 km. de ciclismo y 5 km. de pedestrismo).<\/p>\n<p>De todos modos, cabe mencionar que si bien la clasificaci\u00f3n fue para los ocho primeros de la categor\u00eda -en este caso juniors-, en el caso del rafaelino a\u00fan con 15 a\u00f1os estar\u00e1 compitiendo en la franja de edad de 16 a 19.<\/p>\n<p>No obstante, un dato a tener en cuenta es que solamente tendr\u00e1n paga la participaci\u00f3n los tres primeros de los ocho clasificados de la delegaci\u00f3n oficial, motivo por el cual ser\u00e1 su familia la que afronte los costos de la participaci\u00f3n.<\/p>\n","protected":false},"excerpt":{"rendered":"<p>Si bien era casi un hecho teniendo en cuenta las performances previas que fueron clasificatorias del calendario nacional, Pedro Emmert<\/p>\n","protected":false},"author":2,"featured_media":11071,"comment_status":"open","ping_status":"open","sticky":false,"template":"","format":"standard","meta":{"footnotes":""},"categories":[24,28],"tags":[],"class_list":["post-11069","post","type-post","status-publish","format-standard","has-post-thumbnail","hentry","category-noticias-destacadas","category-triatlon"],"cc_featured_image_caption":{"caption_text":"La llegada de Pedro Emmert en el Triatl\u00f3n realizado en Mendoza (Foto Federaci\u00f3n Argentina de Triatl\u00f3n).","source_text":"","source_url":""},"_links":{"self":[{"href":"https:\/\/todoapulmon-rafaela.com\/index.php\/wp-json\/wp\/v2\/posts\/11069"}],"collection":[{"href":"https:\/\/todoapulmon-rafaela.com\/index.php\/wp-json\/wp\/v2\/posts"}],"about":[{"href":"https:\/\/todoapulmon-rafaela.com\/index.php\/wp-json\/wp\/v2\/types\/post"}],"author":[{"embeddable":true,"href":"https:\/\/todoapulmon-rafaela.com\/index.php\/wp-json\/wp\/v2\/users\/2"}],"replies":[{"embeddable":true,"href":"https:\/\/todoapulmon-rafaela.com\/index.php\/wp-json\/wp\/v2\/comments?post=11069"}],"version-history":[{"count":1,"href":"https:\/\/todoapulmon-rafaela.com\/index.php\/wp-json\/wp\/v2\/posts\/11069\/revisions"}],"predecessor-version":[{"id":11070,"href":"https:\/\/todoapulmon-rafaela.com\/index.php\/wp-json\/wp\/v2\/posts\/11069\/revisions\/11070"}],"wp:featuredmedia":[{"embeddable":true,"href":"https:\/\/todoapulmon-rafaela.com\/index.php\/wp-json\/wp\/v2\/media\/11071"}],"wp:attachment":[{"href":"https:\/\/todoapulmon-rafaela.com\/index.php\/wp-json\/wp\/v2\/media?parent=11069"}],"wp:term":[{"taxonomy":"category","embeddable":true,"href":"https:\/\/todoapulmon-rafaela.com\/index.php\/wp-json\/wp\/v2\/categories?post=11069"},{"taxonomy":"post_tag","embeddable":true,"href":"https:\/\/todoapulmon-rafaela.com\/index.php\/wp-json\/wp\/v2\/tags?post=11069"}],"curies":[{"name":"wp","href":"https:\/\/api.w.org\/{rel}","templated":true}]}}