{"id":11059,"date":"2018-02-20T19:00:27","date_gmt":"2018-02-20T19:00:27","guid":{"rendered":"http:\/\/todoapulmon-rafaela.com\/?p=11059"},"modified":"2018-02-20T19:00:27","modified_gmt":"2018-02-20T19:00:27","slug":"el-seleccionado-juvenil-se-pone-a-punto-para-el-argentino-6","status":"publish","type":"post","link":"https:\/\/todoapulmon-rafaela.com\/index.php\/2018\/02\/20\/el-seleccionado-juvenil-se-pone-a-punto-para-el-argentino-6\/","title":{"rendered":"El seleccionado juvenil se pone a punto para el Argentino"},"content":{"rendered":"<p>El s\u00e1bado \u00faltimo, en cancha de Universitario de Santa Fe, el seleccionado juvenil de la Uni\u00f3n Santafesina de Rugby disput\u00f3 un partido amistoso ante su similar de Entre R\u00edos, como preparaci\u00f3n para el Campeonato Argentino M-18.<\/p>\n<p>Al cabo de los\u00a0tres tiempos de 35 minutos que se disputaron, el marcador favoreci\u00f3 holgadamente al equipo anfitri\u00f3n por 73 a 26. Formaron parte de la convocatoria cuatro jugadores del C\u00edrculo Rafaelino de Rugby: Gabriel Morales, Octavio Capella, Ignacio Martinez y Tom\u00e1s De la Riva.<\/p>\n<p>Morales apoy\u00f3 un try, en el primer segmento de 35 minutos; en tanto que Capella (que integra por segundo a\u00f1o consecutivo el seleccionado) lo hizo en dos ocasiones en el segundo per\u00edodo.<\/p>\n<div>El debut en el Argentino est\u00e1 programado para el s\u00e1bado 17 de marzo, frente a Buenos Aires, como local, y posteriormente, el s\u00e1bado 24, lo har\u00e1 como visitante frente a la Uni\u00f3n de Rugby de Mar del Plata.<\/div>\n<div>\u00a0Vale recordar que Santa Fe recibir\u00e1 el Concentrado del Campeonato Argentino Juvenil 2018. El 8 de abril ser\u00e1 la \u00faltima fecha de la zona de grupos, en el cual la USR jugar\u00e1 con Salta. El 11 abril ser\u00e1n las semifinales y el 14 se disputar\u00e1n las finales por el campeonato, el descenso y el ascenso.<\/div>\n","protected":false},"excerpt":{"rendered":"<p>El s\u00e1bado \u00faltimo, en cancha de Universitario de Santa Fe, el seleccionado juvenil de la Uni\u00f3n Santafesina de Rugby disput\u00f3<\/p>\n","protected":false},"author":2,"featured_media":11048,"comment_status":"open","ping_status":"open","sticky":false,"template":"","format":"standard","meta":{"footnotes":""},"categories":[24,2],"tags":[],"class_list":["post-11059","post","type-post","status-publish","format-standard","has-post-thumbnail","hentry","category-noticias-destacadas","category-rugby"],"cc_featured_image_caption":{"caption_text":"Santa Fe logr\u00f3 un c\u00f3modo triunfo en el amistoso ante Entre R\u00edos, con presencias rafaelinas (Foto Ver\u00f3nica Sapino).","source_text":"","source_url":""},"_links":{"self":[{"href":"https:\/\/todoapulmon-rafaela.com\/index.php\/wp-json\/wp\/v2\/posts\/11059"}],"collection":[{"href":"https:\/\/todoapulmon-rafaela.com\/index.php\/wp-json\/wp\/v2\/posts"}],"about":[{"href":"https:\/\/todoapulmon-rafaela.com\/index.php\/wp-json\/wp\/v2\/types\/post"}],"author":[{"embeddable":true,"href":"https:\/\/todoapulmon-rafaela.com\/index.php\/wp-json\/wp\/v2\/users\/2"}],"replies":[{"embeddable":true,"href":"https:\/\/todoapulmon-rafaela.com\/index.php\/wp-json\/wp\/v2\/comments?post=11059"}],"version-history":[{"count":1,"href":"https:\/\/todoapulmon-rafaela.com\/index.php\/wp-json\/wp\/v2\/posts\/11059\/revisions"}],"predecessor-version":[{"id":11060,"href":"https:\/\/todoapulmon-rafaela.com\/index.php\/wp-json\/wp\/v2\/posts\/11059\/revisions\/11060"}],"wp:featuredmedia":[{"embeddable":true,"href":"https:\/\/todoapulmon-rafaela.com\/index.php\/wp-json\/wp\/v2\/media\/11048"}],"wp:attachment":[{"href":"https:\/\/todoapulmon-rafaela.com\/index.php\/wp-json\/wp\/v2\/media?parent=11059"}],"wp:term":[{"taxonomy":"category","embeddable":true,"href":"https:\/\/todoapulmon-rafaela.com\/index.php\/wp-json\/wp\/v2\/categories?post=11059"},{"taxonomy":"post_tag","embeddable":true,"href":"https:\/\/todoapulmon-rafaela.com\/index.php\/wp-json\/wp\/v2\/tags?post=11059"}],"curies":[{"name":"wp","href":"https:\/\/api.w.org\/{rel}","templated":true}]}}