{"id":1103,"date":"2016-05-30T17:09:05","date_gmt":"2016-05-30T17:09:05","guid":{"rendered":"http:\/\/todoapulmon-rafaela.com\/?p=1103"},"modified":"2016-05-30T17:09:05","modified_gmt":"2016-05-30T17:09:05","slug":"natacion-de-bh-con-otro-federado-serafin-rojas-2","status":"publish","type":"post","link":"https:\/\/todoapulmon-rafaela.com\/index.php\/2016\/05\/30\/natacion-de-bh-con-otro-federado-serafin-rojas-2\/","title":{"rendered":"Nataci\u00f3n de BH con otro federado: Seraf\u00edn Rojas"},"content":{"rendered":"<p>El s\u00e1bado 28 de mayo, las divisiones infantil, menor y juvenil de la nataci\u00f3n de Ben Hur participaron del Torneo Promocional y Federado del Club Ateneo Inmaculada en Santa Fe.<br \/>\nSe trata de una fecha del circuito organizado por Fesana. Los chicos hicieron podios en distintas categor\u00edas, pero en cuanto al grupo dirigido por el profesor Joaqu\u00edn Avila hubo una satisfacci\u00f3n extra, ya que debut\u00f3 Seraf\u00edn Rojas como Federado, obteniendo el segundo puesto en los 200 metros espalda. Adem\u00e1s, Angelo Palmucci -Federado desde hace un par de temporadas- ocup\u00f3 el segundo puesto en los 50 metros libres.<br \/>\nHubo aproximadamente 150 nadadores inscriptos de diferentes clubes, siendo estos los integrantes del grupo benhurense: Palmucci Regina, Cristiansen Ignacio, Berrino Pilar, Ferreira Ludmila, Garc\u00eda Toani Julieta, Garc\u00eda Isabel, Bessone Agostina, Zimmermann Roc\u00edo, Galoppo Milagros, Mandrile Luc\u00eda, Maggio Camila, Brussa Tom\u00e1s, Rojas Seraf\u00edn y Palmucci Angelo.<br \/>\nPor este mismo calendario de FESANA, est\u00e1 programado para el 25 de junio una fecha en el natatorio de Ben Hur, en el certamen Lobo del Sur.<\/p>\n","protected":false},"excerpt":{"rendered":"<p>El s\u00e1bado 28 de mayo, las divisiones infantil, menor y juvenil de la nataci\u00f3n de Ben Hur participaron del Torneo<\/p>\n","protected":false},"author":2,"featured_media":1100,"comment_status":"open","ping_status":"open","sticky":false,"template":"","format":"standard","meta":{"footnotes":""},"categories":[1],"tags":[],"class_list":["post-1103","post","type-post","status-publish","format-standard","has-post-thumbnail","hentry","category-sin-categoria"],"cc_featured_image_caption":{"caption_text":"El grupo de nadadores benhurenses en el torneo de Ateneo (foto J.A).","source_text":"","source_url":""},"_links":{"self":[{"href":"https:\/\/todoapulmon-rafaela.com\/index.php\/wp-json\/wp\/v2\/posts\/1103"}],"collection":[{"href":"https:\/\/todoapulmon-rafaela.com\/index.php\/wp-json\/wp\/v2\/posts"}],"about":[{"href":"https:\/\/todoapulmon-rafaela.com\/index.php\/wp-json\/wp\/v2\/types\/post"}],"author":[{"embeddable":true,"href":"https:\/\/todoapulmon-rafaela.com\/index.php\/wp-json\/wp\/v2\/users\/2"}],"replies":[{"embeddable":true,"href":"https:\/\/todoapulmon-rafaela.com\/index.php\/wp-json\/wp\/v2\/comments?post=1103"}],"version-history":[{"count":1,"href":"https:\/\/todoapulmon-rafaela.com\/index.php\/wp-json\/wp\/v2\/posts\/1103\/revisions"}],"predecessor-version":[{"id":1104,"href":"https:\/\/todoapulmon-rafaela.com\/index.php\/wp-json\/wp\/v2\/posts\/1103\/revisions\/1104"}],"wp:featuredmedia":[{"embeddable":true,"href":"https:\/\/todoapulmon-rafaela.com\/index.php\/wp-json\/wp\/v2\/media\/1100"}],"wp:attachment":[{"href":"https:\/\/todoapulmon-rafaela.com\/index.php\/wp-json\/wp\/v2\/media?parent=1103"}],"wp:term":[{"taxonomy":"category","embeddable":true,"href":"https:\/\/todoapulmon-rafaela.com\/index.php\/wp-json\/wp\/v2\/categories?post=1103"},{"taxonomy":"post_tag","embeddable":true,"href":"https:\/\/todoapulmon-rafaela.com\/index.php\/wp-json\/wp\/v2\/tags?post=1103"}],"curies":[{"name":"wp","href":"https:\/\/api.w.org\/{rel}","templated":true}]}}