{"id":11003,"date":"2018-02-18T04:43:51","date_gmt":"2018-02-18T04:43:51","guid":{"rendered":"http:\/\/todoapulmon-rafaela.com\/?p=11003"},"modified":"2018-02-18T04:43:51","modified_gmt":"2018-02-18T04:43:51","slug":"destacada-labor-de-emmert-en-mendoza-3","status":"publish","type":"post","link":"https:\/\/todoapulmon-rafaela.com\/index.php\/2018\/02\/18\/destacada-labor-de-emmert-en-mendoza-3\/","title":{"rendered":"Destacada labor de Emmert en Mendoza"},"content":{"rendered":"<p>Una muy buena performance cumpli\u00f3 Pedro Emmert este s\u00e1bado en el Triatl\u00f3n Internacional Vendimia, organizado por la Asociaci\u00f3n Mendocina de Triatl\u00f3n. El rafaelino qued\u00f3 12\u00ba en la general de Sprint y 7\u00ba en la categor\u00eda de 16-17 a\u00f1os, en una competencia donde hubo varios atletas chilenos. Su tiempo fue de poco m\u00e1s de 1h03m. Esta modalidad tuvo la presencia de 185 inscriptos.<\/p>\n<p>Cabe recordar que esta fue la \u00faltima fecha clasificatoria del calendario argentino para el Sudamericano de Montevideo, a realizarse el mes pr\u00f3ximo. Para los juniors hay 8 plazas disponibles, que la Federaci\u00f3n Argentina informar\u00e1 pr\u00f3ximamente quienes consiguieron obtenerlas.<\/p>\n<p><strong>Posiciones Sprint:<\/strong>\u00a01) Fidel Diaz Sebriano (C\u00f3rdoba) 1h01m; 2) Crist\u00f3bal Baeza Mu\u00f1oz (Chile); 3) Juan Girard (La Pampa); 4) Franco Foresi (C\u00f3rdoba); 5) Fabrizio Radici (C\u00f3rdoba); 6) Mart\u00edn Baeza Mu\u00f1oz (Chile); 7) Ayrton Robledo (San Juan); 8) Lucas Maizon (La Pampa)\u202612) Pedro Emmert (Rafaela).<\/p>\n<p>En damas se impuso Delfina Orlandini (Buenos Aires) con 1h09m11s.<\/p>\n<p>En Standard Elite y Sub 23 festej\u00f3 Flavio Morandini (Buenos Aires) en 1h57m12s, seguido de Gonzalo Telechea y El\u00edas Fernandez. En damas la ganadora fue Moira Miranda Vazquez (Chubut) con un tiempo de\u00a02h14m58s, segunda arrib\u00f3 Camila Makre (Buenos Aires) y tercera Inti Guzm\u00e1n (San Juan).<\/p>\n","protected":false},"excerpt":{"rendered":"<p>Una muy buena performance cumpli\u00f3 Pedro Emmert este s\u00e1bado en el Triatl\u00f3n Internacional Vendimia, organizado por la Asociaci\u00f3n Mendocina de<\/p>\n","protected":false},"author":2,"featured_media":10994,"comment_status":"open","ping_status":"open","sticky":false,"template":"","format":"standard","meta":{"footnotes":""},"categories":[24,28],"tags":[],"class_list":["post-11003","post","type-post","status-publish","format-standard","has-post-thumbnail","hentry","category-noticias-destacadas","category-triatlon"],"cc_featured_image_caption":{"caption_text":"El rafaelino estuvo a la altura de la exigente prueba internacional.","source_text":"","source_url":""},"_links":{"self":[{"href":"https:\/\/todoapulmon-rafaela.com\/index.php\/wp-json\/wp\/v2\/posts\/11003"}],"collection":[{"href":"https:\/\/todoapulmon-rafaela.com\/index.php\/wp-json\/wp\/v2\/posts"}],"about":[{"href":"https:\/\/todoapulmon-rafaela.com\/index.php\/wp-json\/wp\/v2\/types\/post"}],"author":[{"embeddable":true,"href":"https:\/\/todoapulmon-rafaela.com\/index.php\/wp-json\/wp\/v2\/users\/2"}],"replies":[{"embeddable":true,"href":"https:\/\/todoapulmon-rafaela.com\/index.php\/wp-json\/wp\/v2\/comments?post=11003"}],"version-history":[{"count":1,"href":"https:\/\/todoapulmon-rafaela.com\/index.php\/wp-json\/wp\/v2\/posts\/11003\/revisions"}],"predecessor-version":[{"id":11004,"href":"https:\/\/todoapulmon-rafaela.com\/index.php\/wp-json\/wp\/v2\/posts\/11003\/revisions\/11004"}],"wp:featuredmedia":[{"embeddable":true,"href":"https:\/\/todoapulmon-rafaela.com\/index.php\/wp-json\/wp\/v2\/media\/10994"}],"wp:attachment":[{"href":"https:\/\/todoapulmon-rafaela.com\/index.php\/wp-json\/wp\/v2\/media?parent=11003"}],"wp:term":[{"taxonomy":"category","embeddable":true,"href":"https:\/\/todoapulmon-rafaela.com\/index.php\/wp-json\/wp\/v2\/categories?post=11003"},{"taxonomy":"post_tag","embeddable":true,"href":"https:\/\/todoapulmon-rafaela.com\/index.php\/wp-json\/wp\/v2\/tags?post=11003"}],"curies":[{"name":"wp","href":"https:\/\/api.w.org\/{rel}","templated":true}]}}