{"id":10980,"date":"2018-02-17T22:59:41","date_gmt":"2018-02-17T22:59:41","guid":{"rendered":"http:\/\/todoapulmon-rafaela.com\/?p=10980"},"modified":"2018-02-18T13:50:18","modified_gmt":"2018-02-18T13:50:18","slug":"crar-empezo-a-moverse-rumbo-al-trl","status":"publish","type":"post","link":"https:\/\/todoapulmon-rafaela.com\/index.php\/2018\/02\/17\/crar-empezo-a-moverse-rumbo-al-trl\/","title":{"rendered":"CRAR empez\u00f3 a moverse rumbo al TRL"},"content":{"rendered":"<p>El C\u00edrculo Rafaelino de Rugby comenz\u00f3 este s\u00e1bado la pretemporada de cara al Torneo Regional del Litoral, que estar\u00e1 dando inicio el 28 de abril. Con una buena concurrencia de jugadores, el nuevo Head Coach Enrique L\u00f3pez Durando, que regresa a dicha funci\u00f3n puesto que la cumpli\u00f3 entre 2012 y 2014, expuso sus lineamientos de trabajo y luego el grupo comenz\u00f3 a moverse a las \u00f3rdenes de los preparadores f\u00edsicos Eduardo Gentile e Ignacio Riera.<br \/>\nLuego de la presentaci\u00f3n del secretario Alberto Spotta en la cancha principal del Club, \u00abQuique\u00bb apunt\u00f3 entre el gran objetivo grupal de la temporada el poder clasificar a una competencia nacional, lo cual se consigue quedando entre los ocho primeros. M\u00e1s all\u00e1 de esa premisa, no abund\u00f3 en mayores consideraciones toda vez que la mayor parte del plantel conoce su forma de trabajo.<br \/>\nCabe mencionar que la aspiraci\u00f3n del cuerpo t\u00e9cnico es poder fichar 80 jugadores, toda vez que por cada fecha del TRL se necesitar\u00e1n 69, con tres equipos de 15 titulares y 8 suplentes, m\u00e1s all\u00e1 de otros factores que suelen presentarse como lesiones o suspensiones.<\/p>\n<p>TODO EL CUERPO TECNICO<br \/>\n<strong>Entrenadores:<\/strong>\u00a0Gerardo Simondi (scrum y line), Gonzalo Garc\u00eda (ruck y maul), Ernesto Algaba (destrezas backs), Carlos Strikler (destrezas backs), Agust\u00edn Barreiro (destrezas forwards), Tom\u00e1s Galetto (destrezas backs y forwards en Rosario) y Quique L\u00f3pez Durando (ataque y defensa).<br \/>\n<strong>Preparaci\u00f3n f\u00edsica:<\/strong>\u00a0Eduardo Gentile e Ignacio Riera.<br \/>\n<strong>An\u00e1lisis de videos<\/strong>: Cristian Martino y Pablo Palacio.<br \/>\n<strong>Managers<\/strong>: Silvit Simondi, Natalia Cipolatti, Mario Seen y Nicol\u00e1s C\u00e1ceres.<br \/>\n<strong>Kinesi\u00f3logos<\/strong>: Mat\u00edas Campiteli y Alejandro Gastaldi.<br \/>\n<strong>Psic\u00f3logos:<\/strong>\u00a0Diego Bruera y Gustavo Brunelli.<br \/>\nRecordemos que, como es habitual, el primer torneo a encarar ser\u00e1 el Apertura de la USR previsto en su inicio para el 17 de marzo y que servir\u00e1 de preparaci\u00f3n para el TRL que estar\u00e1 dando comienzo el 28 de abril. A comienzos del mes pr\u00f3ximo, del 2 al 4, habr\u00e1 un campamento concentraci\u00f3n del plantel en la localidad de Aurelia.<\/p>\n<p><img loading=\"lazy\" decoding=\"async\" class=\"alignnone size-medium wp-image-10982\" src=\"http:\/\/todoapulmon-rafaela.com\/wp-content\/uploads\/2018\/02\/CRAR-02-300x225.jpg\" alt=\"CRAR 02\" width=\"300\" height=\"225\" srcset=\"https:\/\/todoapulmon-rafaela.com\/wp-content\/uploads\/2018\/02\/CRAR-02-300x225.jpg 300w, https:\/\/todoapulmon-rafaela.com\/wp-content\/uploads\/2018\/02\/CRAR-02-768x576.jpg 768w, https:\/\/todoapulmon-rafaela.com\/wp-content\/uploads\/2018\/02\/CRAR-02.jpg 960w\" sizes=\"(max-width: 300px) 100vw, 300px\" \/><img loading=\"lazy\" decoding=\"async\" class=\"alignnone size-medium wp-image-10983\" src=\"http:\/\/todoapulmon-rafaela.com\/wp-content\/uploads\/2018\/02\/CRAR-03-300x225.jpg\" alt=\"CRAR 03\" width=\"300\" height=\"225\" srcset=\"https:\/\/todoapulmon-rafaela.com\/wp-content\/uploads\/2018\/02\/CRAR-03-300x225.jpg 300w, https:\/\/todoapulmon-rafaela.com\/wp-content\/uploads\/2018\/02\/CRAR-03-768x576.jpg 768w, https:\/\/todoapulmon-rafaela.com\/wp-content\/uploads\/2018\/02\/CRAR-03.jpg 960w\" sizes=\"(max-width: 300px) 100vw, 300px\" \/>M\u00e1s fotos en nuestra Fan Page Revista Todo a Pulm\u00f3n Rafaela.<\/p>\n","protected":false},"excerpt":{"rendered":"<p>El C\u00edrculo Rafaelino de Rugby comenz\u00f3 este s\u00e1bado la pretemporada de cara al Torneo Regional del Litoral, que estar\u00e1 dando<\/p>\n","protected":false},"author":2,"featured_media":10981,"comment_status":"open","ping_status":"open","sticky":false,"template":"","format":"standard","meta":{"footnotes":""},"categories":[24,2],"tags":[],"class_list":["post-10980","post","type-post","status-publish","format-standard","has-post-thumbnail","hentry","category-noticias-destacadas","category-rugby"],"cc_featured_image_caption":{"caption_text":"","source_text":"","source_url":""},"_links":{"self":[{"href":"https:\/\/todoapulmon-rafaela.com\/index.php\/wp-json\/wp\/v2\/posts\/10980"}],"collection":[{"href":"https:\/\/todoapulmon-rafaela.com\/index.php\/wp-json\/wp\/v2\/posts"}],"about":[{"href":"https:\/\/todoapulmon-rafaela.com\/index.php\/wp-json\/wp\/v2\/types\/post"}],"author":[{"embeddable":true,"href":"https:\/\/todoapulmon-rafaela.com\/index.php\/wp-json\/wp\/v2\/users\/2"}],"replies":[{"embeddable":true,"href":"https:\/\/todoapulmon-rafaela.com\/index.php\/wp-json\/wp\/v2\/comments?post=10980"}],"version-history":[{"count":2,"href":"https:\/\/todoapulmon-rafaela.com\/index.php\/wp-json\/wp\/v2\/posts\/10980\/revisions"}],"predecessor-version":[{"id":11011,"href":"https:\/\/todoapulmon-rafaela.com\/index.php\/wp-json\/wp\/v2\/posts\/10980\/revisions\/11011"}],"wp:featuredmedia":[{"embeddable":true,"href":"https:\/\/todoapulmon-rafaela.com\/index.php\/wp-json\/wp\/v2\/media\/10981"}],"wp:attachment":[{"href":"https:\/\/todoapulmon-rafaela.com\/index.php\/wp-json\/wp\/v2\/media?parent=10980"}],"wp:term":[{"taxonomy":"category","embeddable":true,"href":"https:\/\/todoapulmon-rafaela.com\/index.php\/wp-json\/wp\/v2\/categories?post=10980"},{"taxonomy":"post_tag","embeddable":true,"href":"https:\/\/todoapulmon-rafaela.com\/index.php\/wp-json\/wp\/v2\/tags?post=10980"}],"curies":[{"name":"wp","href":"https:\/\/api.w.org\/{rel}","templated":true}]}}