{"id":10977,"date":"2018-02-17T16:44:21","date_gmt":"2018-02-17T16:44:21","guid":{"rendered":"http:\/\/todoapulmon-rafaela.com\/?p=10977"},"modified":"2018-02-17T16:44:21","modified_gmt":"2018-02-17T16:44:21","slug":"el-voley-celeste-inicio-su-temporada-2018","status":"publish","type":"post","link":"https:\/\/todoapulmon-rafaela.com\/index.php\/2018\/02\/17\/el-voley-celeste-inicio-su-temporada-2018\/","title":{"rendered":"El Voley Celeste inici\u00f3 su temporada 2018"},"content":{"rendered":"<p>El Voley de Atl\u00e9tico de Rafaela, en su clara misi\u00f3n de ofrecer a la comunidad un \u00e1mbito propicio y adecuado para la pr\u00e1ctica de este noble deporte, inici\u00f3 su a\u00f1o de trabajo con muchas ganas, grandes expectativas y ambiciosos proyectos.<\/p>\n<p>Las divisiones inferiores dieron comienzo a la actividad el 5 de febrero con el trabajo de \u201cpreparaci\u00f3n f\u00edsica\u201d a cargo de los Profesores Lucas Dur\u00e1n, Patricia Sarponti y Marina Francesconi. Esta primera etapa, vital para el regreso en condiciones \u00f3ptimas al entrenamiento anual, es cumplida por m\u00e1s de 40 deportistas de las categor\u00edas Sub 12, 13, 15 y 17.<br \/>\nEl cronograma de competencias de la Asociaci\u00f3n Rafaelina de Voleibol \u201cVG\u201d en categor\u00edas inferiores dar\u00e1 inicio a fines de marzo. El viernes 2 del pr\u00f3ximo mes dar\u00e1 inicio la actividad del Minivoley (categor\u00eda de los m\u00e1s peque\u00f1os, ni\u00f1as y ni\u00f1os de 5 a 12 a\u00f1os) a las 18:00, los chicos realizan trabajos de fundamentos y juegos de iniciaci\u00f3n, en tanto comparten con sus pares ese tiempo entre la necesaria actividad f\u00edsica, el reencuentro y la camarader\u00eda luego de las merecidas vacaciones. Estar\u00e1n a cargo los profesores Lucas Dur\u00e1n y Anahel Leiva.<br \/>\nEl grupo de Maxivoley dio inicio a las actividades este mi\u00e9rcoles 15 de febrero, recordamos que este es un grupo que lo hace en forma recreativa con la intenci\u00f3n de dispersi\u00f3n, diversi\u00f3n y realizar una actividad f\u00edsica seria y equilibrada. Los d\u00edas y espacios de trabajo ser\u00e1n informados oportunamente.<\/p>\n<p>La Subcomisi\u00f3n de Voley de Atl\u00e9tico informa que \u00aba\u00a0todos los que se quieran acercar a participar de la actividad, para m\u00e1s informaci\u00f3n y contactos dirigirse a nuestro Facebook: Voley Atl\u00e9tico de Rafaela o consultar en el club Lunes, mi\u00e9rcoles y viernes desde las 19 hs\u00bb.<\/p>\n<p>&nbsp;<\/p>\n","protected":false},"excerpt":{"rendered":"<p>El Voley de Atl\u00e9tico de Rafaela, en su clara misi\u00f3n de ofrecer a la comunidad un \u00e1mbito propicio y adecuado<\/p>\n","protected":false},"author":2,"featured_media":10978,"comment_status":"open","ping_status":"open","sticky":false,"template":"","format":"standard","meta":{"footnotes":""},"categories":[16],"tags":[],"class_list":["post-10977","post","type-post","status-publish","format-standard","has-post-thumbnail","hentry","category-voley"],"cc_featured_image_caption":{"caption_text":"Los Profes Marina Francesconi, Anahel Leiva, Patricia Sarponti y Lucas Dur\u00e1n.","source_text":"","source_url":""},"_links":{"self":[{"href":"https:\/\/todoapulmon-rafaela.com\/index.php\/wp-json\/wp\/v2\/posts\/10977"}],"collection":[{"href":"https:\/\/todoapulmon-rafaela.com\/index.php\/wp-json\/wp\/v2\/posts"}],"about":[{"href":"https:\/\/todoapulmon-rafaela.com\/index.php\/wp-json\/wp\/v2\/types\/post"}],"author":[{"embeddable":true,"href":"https:\/\/todoapulmon-rafaela.com\/index.php\/wp-json\/wp\/v2\/users\/2"}],"replies":[{"embeddable":true,"href":"https:\/\/todoapulmon-rafaela.com\/index.php\/wp-json\/wp\/v2\/comments?post=10977"}],"version-history":[{"count":1,"href":"https:\/\/todoapulmon-rafaela.com\/index.php\/wp-json\/wp\/v2\/posts\/10977\/revisions"}],"predecessor-version":[{"id":10979,"href":"https:\/\/todoapulmon-rafaela.com\/index.php\/wp-json\/wp\/v2\/posts\/10977\/revisions\/10979"}],"wp:featuredmedia":[{"embeddable":true,"href":"https:\/\/todoapulmon-rafaela.com\/index.php\/wp-json\/wp\/v2\/media\/10978"}],"wp:attachment":[{"href":"https:\/\/todoapulmon-rafaela.com\/index.php\/wp-json\/wp\/v2\/media?parent=10977"}],"wp:term":[{"taxonomy":"category","embeddable":true,"href":"https:\/\/todoapulmon-rafaela.com\/index.php\/wp-json\/wp\/v2\/categories?post=10977"},{"taxonomy":"post_tag","embeddable":true,"href":"https:\/\/todoapulmon-rafaela.com\/index.php\/wp-json\/wp\/v2\/tags?post=10977"}],"curies":[{"name":"wp","href":"https:\/\/api.w.org\/{rel}","templated":true}]}}