{"id":10942,"date":"2018-02-16T01:56:24","date_gmt":"2018-02-16T01:56:24","guid":{"rendered":"http:\/\/todoapulmon-rafaela.com\/?p=10942"},"modified":"2018-02-16T01:56:24","modified_gmt":"2018-02-16T01:56:24","slug":"presencias-rafaelinas-en-la-vuelta-master-salto-2","status":"publish","type":"post","link":"https:\/\/todoapulmon-rafaela.com\/index.php\/2018\/02\/16\/presencias-rafaelinas-en-la-vuelta-master-salto-2\/","title":{"rendered":"Presencias rafaelinas en la Vuelta Master Salto"},"content":{"rendered":"<p>El fin de semana largo tuvo lugar en Salto, provincia de Buenos Aires, la tercera edici\u00f3n de la Vuelta Master Salto, con la presencia de pedalistas de nuestra ciudad a trav\u00e9s de Luis Vegetti, Andrea Guenzi, Daiana Morettini y Mariela Delgado. La prueba llev\u00f3 el nombre de Daiana, representante de esa ciudad que est\u00e1 radicada actualmente en Rafaela y entrena en el Club Ciclista de Rafaela.<\/p>\n<p>Junto con Andrea Guenzi, Morettini fue una de las integrantes del equipo Raleigh Naldo Motobike que tuvo un buen trabajo, con un tercer y quinto puesto en la general. En tanto, la misionera Mariela Delgado compiti\u00f3 con la reconocida escuadra de Shimano Ladies Power. La competencia const\u00f3 de tres etapas, una de ellas contrarreloj.<\/p>\n<p>CLASIFICACION GENERAL DAMAS<br \/>\n1. Pilz Estefan\u00eda<br \/>\n2. Alagia Natalia<br \/>\n3. Morettini Daiana<br \/>\n4. Delgado Mariela<br \/>\n5. Saenz Silvana<\/p>\n<p>CLASIFICACION MASTER C<br \/>\n1. Pozzoli Adri\u00e1n<br \/>\n2. Manco Daniel<br \/>\n3. Pisano Walter<br \/>\n4. Vegetti Luis<br \/>\n5. Sampo Gustavo<br \/>\n6. Varela N\u00e9stor<br \/>\n7. Gonz\u00e1lez Rub\u00e9n<br \/>\n8. Carini Juan Pablo<br \/>\n9. Avaca Mario<br \/>\n10. Ocanto Miguel.<\/p>\n<p><img loading=\"lazy\" decoding=\"async\" class=\"alignnone size-medium wp-image-10940\" src=\"http:\/\/todoapulmon-rafaela.com\/wp-content\/uploads\/2018\/02\/Naldo-Motobike-165x300.jpg\" alt=\"Naldo Motobike\" width=\"165\" height=\"300\" srcset=\"https:\/\/todoapulmon-rafaela.com\/wp-content\/uploads\/2018\/02\/Naldo-Motobike-165x300.jpg 165w, https:\/\/todoapulmon-rafaela.com\/wp-content\/uploads\/2018\/02\/Naldo-Motobike.jpg 528w\" sizes=\"(max-width: 165px) 100vw, 165px\" \/><\/p>\n","protected":false},"excerpt":{"rendered":"<p>El fin de semana largo tuvo lugar en Salto, provincia de Buenos Aires, la tercera edici\u00f3n de la Vuelta Master<\/p>\n","protected":false},"author":2,"featured_media":10939,"comment_status":"open","ping_status":"open","sticky":false,"template":"","format":"standard","meta":{"footnotes":""},"categories":[4],"tags":[],"class_list":["post-10942","post","type-post","status-publish","format-standard","has-post-thumbnail","hentry","category-ciclismo"],"cc_featured_image_caption":{"caption_text":"El podio de la clasificaci\u00f3n final de damas.","source_text":"","source_url":""},"_links":{"self":[{"href":"https:\/\/todoapulmon-rafaela.com\/index.php\/wp-json\/wp\/v2\/posts\/10942"}],"collection":[{"href":"https:\/\/todoapulmon-rafaela.com\/index.php\/wp-json\/wp\/v2\/posts"}],"about":[{"href":"https:\/\/todoapulmon-rafaela.com\/index.php\/wp-json\/wp\/v2\/types\/post"}],"author":[{"embeddable":true,"href":"https:\/\/todoapulmon-rafaela.com\/index.php\/wp-json\/wp\/v2\/users\/2"}],"replies":[{"embeddable":true,"href":"https:\/\/todoapulmon-rafaela.com\/index.php\/wp-json\/wp\/v2\/comments?post=10942"}],"version-history":[{"count":1,"href":"https:\/\/todoapulmon-rafaela.com\/index.php\/wp-json\/wp\/v2\/posts\/10942\/revisions"}],"predecessor-version":[{"id":10943,"href":"https:\/\/todoapulmon-rafaela.com\/index.php\/wp-json\/wp\/v2\/posts\/10942\/revisions\/10943"}],"wp:featuredmedia":[{"embeddable":true,"href":"https:\/\/todoapulmon-rafaela.com\/index.php\/wp-json\/wp\/v2\/media\/10939"}],"wp:attachment":[{"href":"https:\/\/todoapulmon-rafaela.com\/index.php\/wp-json\/wp\/v2\/media?parent=10942"}],"wp:term":[{"taxonomy":"category","embeddable":true,"href":"https:\/\/todoapulmon-rafaela.com\/index.php\/wp-json\/wp\/v2\/categories?post=10942"},{"taxonomy":"post_tag","embeddable":true,"href":"https:\/\/todoapulmon-rafaela.com\/index.php\/wp-json\/wp\/v2\/tags?post=10942"}],"curies":[{"name":"wp","href":"https:\/\/api.w.org\/{rel}","templated":true}]}}