{"id":10922,"date":"2018-02-14T14:12:27","date_gmt":"2018-02-14T14:12:27","guid":{"rendered":"http:\/\/todoapulmon-rafaela.com\/?p=10922"},"modified":"2018-02-14T14:12:27","modified_gmt":"2018-02-14T14:12:27","slug":"el-trl-dara-comienzo-el-28-de-abril","status":"publish","type":"post","link":"https:\/\/todoapulmon-rafaela.com\/index.php\/2018\/02\/14\/el-trl-dara-comienzo-el-28-de-abril\/","title":{"rendered":"El TRL dar\u00e1 comienzo el 28 de abril"},"content":{"rendered":"<p>Ya se conocen los detalles m\u00e1s importantes de la forma de disputa del Torneo Regional del Litoral 2018, que tendr\u00e1 el retorno del C\u00edrculo Rafaelino de Rugby al certamen principal.<\/p>\n<p>La edici\u00f3n n\u00famero diecinueve del TRL, que nuclea a equipos de las Uniones Santafesina, Rosarina y de Entre R\u00edos, dar\u00e1 inicio el s\u00e1bado 28 de abril. Y este a\u00f1o habr\u00e1 cambios en el formato de disputa de la primera fase y la cantidad de equipos en la zona Campeonato, pero se mantiene la forma de definici\u00f3n: semifinal y final. Mientras que se conocer\u00e1 el campe\u00f3n 2018 el s\u00e1bado 13 de octubre. Tambi\u00e9n hay estipuladas varias ventanas durante la temporada, de acuerdo a lo publicado este mi\u00e9rcoles por el diario El Ciudadano de Rosario.<\/p>\n<p>La primera parte del Regional contar\u00e1 con doce equipos que se enfrentar\u00e1n todos contra todos (11 fechas). El s\u00e1bado 28 de julio se conocer\u00e1n los nombres de los ocho clasificados a la Zona Campeonato.<\/p>\n<p>La segunda fase del certamen comenzar\u00e1 el s\u00e1bado 11 de agosto. Los ocho equipos se enfrentar\u00e1n todos contra todos (7 fechas). Y el s\u00e1bado 22 de septiembre ser\u00e1 la jornada en la que cuatro equipos se adjudiquen el pasaje a semifinales por el t\u00edtulo. El mismo formato se ajustar\u00e1 para el ordenamiento del quinto al octavo puesto.<\/p>\n<p>Las semifinales est\u00e1n pautadas para el s\u00e1bado 6 de octubre en cancha del equipo que finalice en el primer lugar de la Zona Campeonato. Mientras que la final se disputar\u00e1 el s\u00e1bado 13 de octubre.<\/p>\n<p>Las ventanas en primera divisi\u00f3n est\u00e1n pautadas para: 5 y 26 de mayo (torneos organizados por la Uni\u00f3n Argentina); y 16 de junio (Pumas en Santa Fe); 4 de agosto y 29 de septiembre.<\/p>\n<p>Recordemos que los participantes en primera divisi\u00f3n ser\u00e1n: de Rosario, Duendes, Jockey, Gimnasia y Esgrima, Old Resian, Universitario y Provincial.<\/p>\n<p>Santa Fe: CRAI, Santa Fe Rugby y Universitario.<\/p>\n<p>Rafaela: C\u00edrculo Rafaelino.<\/p>\n<p>Paran\u00e1: Estudiantes y Tilcara.<\/p>\n<h4>Segunda divisi\u00f3n<\/h4>\n<p>El ascenso contar\u00e1 con la participaci\u00f3n de seis equipos y comenzar\u00e1 su actividad el s\u00e1bado 5 de mayo, que en la primera parte del a\u00f1o jugar\u00e1n todos contra todos a dos ruedas (10 fechas). Al finalizar el s\u00e1bado 21 de julio se habr\u00e1n ordenado del primero al sexto puesto. Esta fase tendr\u00e1 dos ventanas, el 9 y 16 de junio.<\/p>\n<p>La parte m\u00e1s importante para estos seis equipos ser\u00e1 cuando disputen con los \u00faltimos cuatro de la fase de clasificaci\u00f3n de primera, la dur\u00edsima Reclasificaci\u00f3n, todos contra todos a una vuelta (9 fechas).<\/p>\n<p>Antes de la final del Litoral, ya se conocer\u00e1n a los primeros cuatro de la Reclasificaci\u00f3n que jugar\u00e1n en primera en 2019, mientras que los \u00faltimos dos jugar\u00e1n la promoci\u00f3n con los primeros del Nivel III.<\/p>\n<h4><\/h4>\n","protected":false},"excerpt":{"rendered":"<p>Ya se conocen los detalles m\u00e1s importantes de la forma de disputa del Torneo Regional del Litoral 2018, que tendr\u00e1<\/p>\n","protected":false},"author":2,"featured_media":10923,"comment_status":"open","ping_status":"open","sticky":false,"template":"","format":"standard","meta":{"footnotes":""},"categories":[24,2],"tags":[],"class_list":["post-10922","post","type-post","status-publish","format-standard","has-post-thumbnail","hentry","category-noticias-destacadas","category-rugby"],"cc_featured_image_caption":{"caption_text":"El C\u00edrculo Rafaelino comenzar\u00e1 a entrenar este s\u00e1bado de cara al TRL 2018.","source_text":"","source_url":""},"_links":{"self":[{"href":"https:\/\/todoapulmon-rafaela.com\/index.php\/wp-json\/wp\/v2\/posts\/10922"}],"collection":[{"href":"https:\/\/todoapulmon-rafaela.com\/index.php\/wp-json\/wp\/v2\/posts"}],"about":[{"href":"https:\/\/todoapulmon-rafaela.com\/index.php\/wp-json\/wp\/v2\/types\/post"}],"author":[{"embeddable":true,"href":"https:\/\/todoapulmon-rafaela.com\/index.php\/wp-json\/wp\/v2\/users\/2"}],"replies":[{"embeddable":true,"href":"https:\/\/todoapulmon-rafaela.com\/index.php\/wp-json\/wp\/v2\/comments?post=10922"}],"version-history":[{"count":1,"href":"https:\/\/todoapulmon-rafaela.com\/index.php\/wp-json\/wp\/v2\/posts\/10922\/revisions"}],"predecessor-version":[{"id":10924,"href":"https:\/\/todoapulmon-rafaela.com\/index.php\/wp-json\/wp\/v2\/posts\/10922\/revisions\/10924"}],"wp:featuredmedia":[{"embeddable":true,"href":"https:\/\/todoapulmon-rafaela.com\/index.php\/wp-json\/wp\/v2\/media\/10923"}],"wp:attachment":[{"href":"https:\/\/todoapulmon-rafaela.com\/index.php\/wp-json\/wp\/v2\/media?parent=10922"}],"wp:term":[{"taxonomy":"category","embeddable":true,"href":"https:\/\/todoapulmon-rafaela.com\/index.php\/wp-json\/wp\/v2\/categories?post=10922"},{"taxonomy":"post_tag","embeddable":true,"href":"https:\/\/todoapulmon-rafaela.com\/index.php\/wp-json\/wp\/v2\/tags?post=10922"}],"curies":[{"name":"wp","href":"https:\/\/api.w.org\/{rel}","templated":true}]}}