{"id":10920,"date":"2018-02-13T22:43:09","date_gmt":"2018-02-13T22:43:09","guid":{"rendered":"http:\/\/todoapulmon-rafaela.com\/?p=10920"},"modified":"2018-02-13T22:43:09","modified_gmt":"2018-02-13T22:43:09","slug":"romitelli-gano-en-la-plata-y-lidera-el-ranking-3","status":"publish","type":"post","link":"https:\/\/todoapulmon-rafaela.com\/index.php\/2018\/02\/13\/romitelli-gano-en-la-plata-y-lidera-el-ranking-3\/","title":{"rendered":"Romitelli gan\u00f3 en La Plata y lidera el ranking"},"content":{"rendered":"<div dir=\"auto\">El s\u00e1bado 10 de febrero se disput\u00f3 en el Tiro Federal de La Plata el tercer selectivo de la Federaci\u00f3n Argentina de Tiro Pr\u00e1ctico, primero del a\u00f1o, para la conformaci\u00f3n del equipo argentino oficial para el Panamericano que se desarrollar\u00e1 en Jamaica en el mes de julio.<\/div>\n<div dir=\"auto\">El certamen tuvo diez etapas, con 180 disparos, y en la categor\u00eda Producci\u00f3n se impuso el rafaelino Germ\u00e1n Romitelli, que ha ganado dos de los tres torneos disputados, acotando que ser\u00e1n cinco los Selectivos. De tal modo, el representante del Tiro Federal de Rafaela viene primero en el ranking.<\/div>\n<div dir=\"auto\">Estas fueron las principales posiciones:<\/div>\n<div dir=\"auto\"><strong>Producci\u00f3n (55 participantes):<\/strong>\u00a01) Germ\u00e1n Romitelli 100 %; 2) Gonzalo De la Fuente Casal 88.7; 3) Marcelo Prieto 87.24; 4) Daniel Zoppi; 5) Nicol\u00e1s Orozco; 6) Sebasti\u00e1n Seifert; 7) Leandro Chiabrando; 8) Walter Borges; 9) Gabriel Alba y 10) Daniel Obertello.<\/div>\n","protected":false},"excerpt":{"rendered":"<p>El s\u00e1bado 10 de febrero se disput\u00f3 en el Tiro Federal de La Plata el tercer selectivo de la Federaci\u00f3n<\/p>\n","protected":false},"author":2,"featured_media":10916,"comment_status":"open","ping_status":"open","sticky":false,"template":"","format":"standard","meta":{"footnotes":""},"categories":[24,19],"tags":[],"class_list":["post-10920","post","type-post","status-publish","format-standard","has-post-thumbnail","hentry","category-noticias-destacadas","category-tiro"],"cc_featured_image_caption":{"caption_text":"Germ\u00e1n Romitelli apunta al Panamericano de Jamaica.","source_text":"","source_url":""},"_links":{"self":[{"href":"https:\/\/todoapulmon-rafaela.com\/index.php\/wp-json\/wp\/v2\/posts\/10920"}],"collection":[{"href":"https:\/\/todoapulmon-rafaela.com\/index.php\/wp-json\/wp\/v2\/posts"}],"about":[{"href":"https:\/\/todoapulmon-rafaela.com\/index.php\/wp-json\/wp\/v2\/types\/post"}],"author":[{"embeddable":true,"href":"https:\/\/todoapulmon-rafaela.com\/index.php\/wp-json\/wp\/v2\/users\/2"}],"replies":[{"embeddable":true,"href":"https:\/\/todoapulmon-rafaela.com\/index.php\/wp-json\/wp\/v2\/comments?post=10920"}],"version-history":[{"count":1,"href":"https:\/\/todoapulmon-rafaela.com\/index.php\/wp-json\/wp\/v2\/posts\/10920\/revisions"}],"predecessor-version":[{"id":10921,"href":"https:\/\/todoapulmon-rafaela.com\/index.php\/wp-json\/wp\/v2\/posts\/10920\/revisions\/10921"}],"wp:featuredmedia":[{"embeddable":true,"href":"https:\/\/todoapulmon-rafaela.com\/index.php\/wp-json\/wp\/v2\/media\/10916"}],"wp:attachment":[{"href":"https:\/\/todoapulmon-rafaela.com\/index.php\/wp-json\/wp\/v2\/media?parent=10920"}],"wp:term":[{"taxonomy":"category","embeddable":true,"href":"https:\/\/todoapulmon-rafaela.com\/index.php\/wp-json\/wp\/v2\/categories?post=10920"},{"taxonomy":"post_tag","embeddable":true,"href":"https:\/\/todoapulmon-rafaela.com\/index.php\/wp-json\/wp\/v2\/tags?post=10920"}],"curies":[{"name":"wp","href":"https:\/\/api.w.org\/{rel}","templated":true}]}}