{"id":10843,"date":"2018-02-06T03:06:08","date_gmt":"2018-02-06T03:06:08","guid":{"rendered":"http:\/\/todoapulmon-rafaela.com\/?p=10843"},"modified":"2018-02-07T17:19:34","modified_gmt":"2018-02-07T17:19:34","slug":"buen-debut-de-rodrigo-visconti-en-triatlon","status":"publish","type":"post","link":"https:\/\/todoapulmon-rafaela.com\/index.php\/2018\/02\/06\/buen-debut-de-rodrigo-visconti-en-triatlon\/","title":{"rendered":"Buen debut de Rodrigo Visconti en triatl\u00f3n"},"content":{"rendered":"<p>El s\u00e1bado se desarroll\u00f3 en la capital entrerriana el denominado \u00abTriatl\u00f3n del Paran\u00e1\u00bb en el cual se dieron cita representantes de nuestra ciudad.<\/p>\n<p>En una disciplina que reune cada vez m\u00e1s adeptos en Rafaela, esta oportunidad fue el marco propicio para el debut de Rodrigo Visconti (Vikingos Running Spirit) en la especialidad, quedando 33\u00ba en la clasificaci\u00f3n general con un tiempo acumulado de 1h14m14s. El ganador de la general fue el entrerriano Santiago Mingo con 1h02m30s.<\/p>\n<p>De nuestra ciudad, cabe mencionar que Mart\u00edn Peretti en la general qued\u00f3 59\u00ba y Javier Kuriger 88\u00ba.<\/p>\n<p>Por categor\u00edas, Peretti fue sexto;\u00a0 Rodrigo Visconti qued\u00f3 noveno y Javier Kuriger noveno.<\/p>\n<p>Adem\u00e1s se desarroll\u00f3 la competencia por equipos o postas, donde Gast\u00f3n Pairola, Nicol\u00e1s Boidi y Ramiro Visconti fueron 17\u00ba en la general, entre 22 participantes. Asimismo, en la rama femenina, Macarena Calvo, Camila Maggio y Elena Ton\u00f3n quedaron segundas en la categor\u00eda (-100) y terceras en la general entre siete tr\u00edos.<\/p>\n<figure id=\"attachment_10847\" aria-describedby=\"caption-attachment-10847\" style=\"width: 300px\" class=\"wp-caption alignnone\"><img loading=\"lazy\" decoding=\"async\" class=\"size-medium wp-image-10847\" src=\"http:\/\/todoapulmon-rafaela.com\/wp-content\/uploads\/2018\/02\/Tria-postas-300x300.jpg\" alt=\"El equipo rafaelino de postas.\" width=\"300\" height=\"300\" srcset=\"https:\/\/todoapulmon-rafaela.com\/wp-content\/uploads\/2018\/02\/Tria-postas-300x300.jpg 300w, https:\/\/todoapulmon-rafaela.com\/wp-content\/uploads\/2018\/02\/Tria-postas-150x150.jpg 150w, https:\/\/todoapulmon-rafaela.com\/wp-content\/uploads\/2018\/02\/Tria-postas.jpg 726w\" sizes=\"(max-width: 300px) 100vw, 300px\" \/><figcaption id=\"caption-attachment-10847\" class=\"wp-caption-text\">El equipo rafaelino de postas.<\/figcaption><\/figure>\n","protected":false},"excerpt":{"rendered":"<p>El s\u00e1bado se desarroll\u00f3 en la capital entrerriana el denominado \u00abTriatl\u00f3n del Paran\u00e1\u00bb en el cual se dieron cita representantes<\/p>\n","protected":false},"author":2,"featured_media":10844,"comment_status":"open","ping_status":"open","sticky":false,"template":"","format":"standard","meta":{"footnotes":""},"categories":[24,28],"tags":[],"class_list":["post-10843","post","type-post","status-publish","format-standard","has-post-thumbnail","hentry","category-noticias-destacadas","category-triatlon"],"cc_featured_image_caption":{"caption_text":"Visconti transitando la etapa de pedestrismo (Foto Radio Running Time).","source_text":"","source_url":""},"_links":{"self":[{"href":"https:\/\/todoapulmon-rafaela.com\/index.php\/wp-json\/wp\/v2\/posts\/10843"}],"collection":[{"href":"https:\/\/todoapulmon-rafaela.com\/index.php\/wp-json\/wp\/v2\/posts"}],"about":[{"href":"https:\/\/todoapulmon-rafaela.com\/index.php\/wp-json\/wp\/v2\/types\/post"}],"author":[{"embeddable":true,"href":"https:\/\/todoapulmon-rafaela.com\/index.php\/wp-json\/wp\/v2\/users\/2"}],"replies":[{"embeddable":true,"href":"https:\/\/todoapulmon-rafaela.com\/index.php\/wp-json\/wp\/v2\/comments?post=10843"}],"version-history":[{"count":4,"href":"https:\/\/todoapulmon-rafaela.com\/index.php\/wp-json\/wp\/v2\/posts\/10843\/revisions"}],"predecessor-version":[{"id":10862,"href":"https:\/\/todoapulmon-rafaela.com\/index.php\/wp-json\/wp\/v2\/posts\/10843\/revisions\/10862"}],"wp:featuredmedia":[{"embeddable":true,"href":"https:\/\/todoapulmon-rafaela.com\/index.php\/wp-json\/wp\/v2\/media\/10844"}],"wp:attachment":[{"href":"https:\/\/todoapulmon-rafaela.com\/index.php\/wp-json\/wp\/v2\/media?parent=10843"}],"wp:term":[{"taxonomy":"category","embeddable":true,"href":"https:\/\/todoapulmon-rafaela.com\/index.php\/wp-json\/wp\/v2\/categories?post=10843"},{"taxonomy":"post_tag","embeddable":true,"href":"https:\/\/todoapulmon-rafaela.com\/index.php\/wp-json\/wp\/v2\/tags?post=10843"}],"curies":[{"name":"wp","href":"https:\/\/api.w.org\/{rel}","templated":true}]}}