{"id":10787,"date":"2018-01-29T01:00:06","date_gmt":"2018-01-29T01:00:06","guid":{"rendered":"http:\/\/todoapulmon-rafaela.com\/?p=10787"},"modified":"2018-01-29T01:00:06","modified_gmt":"2018-01-29T01:00:06","slug":"meli-gretter-y-otra-victoria-con-vera-cruz-campinas","status":"publish","type":"post","link":"https:\/\/todoapulmon-rafaela.com\/index.php\/2018\/01\/29\/meli-gretter-y-otra-victoria-con-vera-cruz-campinas\/","title":{"rendered":"Meli Gretter y otra victoria con Vera Cruz Campinas"},"content":{"rendered":"<p>El Vera Cruz Campinas se impuso este domingo, por la tercera fecha de la Liga Profesional de Basquet Femenino de Brasil, al Santo Andr\u00e9 como local por 98 a 71 y mantiene su invicto en el certamen, disputadas tres fechas de la competencia.<\/p>\n<p>La rafaelina Melisa Gretter fue una de las piezas m\u00e1s importantes en el equipo ganador con un aporte de\u00a013 puntos, 4 rebotes y 6 asistencias. Su compa\u00f1era, la alero cubana Ariadna, fue goleadora con 22 puntos. El partido se disput\u00f3 en el gimnasio Gilmann Farah, de Campi\u00f1as, acotando que Santo Andr\u00e9 hab\u00eda ganado los dos juegos previos.<\/p>\n","protected":false},"excerpt":{"rendered":"<p>El Vera Cruz Campinas se impuso este domingo, por la tercera fecha de la Liga Profesional de Basquet Femenino de<\/p>\n","protected":false},"author":2,"featured_media":10782,"comment_status":"open","ping_status":"open","sticky":false,"template":"","format":"standard","meta":{"footnotes":""},"categories":[5,24],"tags":[],"class_list":["post-10787","post","type-post","status-publish","format-standard","has-post-thumbnail","hentry","category-basquet","category-noticias-destacadas"],"cc_featured_image_caption":{"caption_text":"Melisa Gretter est\u00e1 iniciando su tercera temporada consecutiva en Brasil.","source_text":"","source_url":""},"_links":{"self":[{"href":"https:\/\/todoapulmon-rafaela.com\/index.php\/wp-json\/wp\/v2\/posts\/10787"}],"collection":[{"href":"https:\/\/todoapulmon-rafaela.com\/index.php\/wp-json\/wp\/v2\/posts"}],"about":[{"href":"https:\/\/todoapulmon-rafaela.com\/index.php\/wp-json\/wp\/v2\/types\/post"}],"author":[{"embeddable":true,"href":"https:\/\/todoapulmon-rafaela.com\/index.php\/wp-json\/wp\/v2\/users\/2"}],"replies":[{"embeddable":true,"href":"https:\/\/todoapulmon-rafaela.com\/index.php\/wp-json\/wp\/v2\/comments?post=10787"}],"version-history":[{"count":1,"href":"https:\/\/todoapulmon-rafaela.com\/index.php\/wp-json\/wp\/v2\/posts\/10787\/revisions"}],"predecessor-version":[{"id":10788,"href":"https:\/\/todoapulmon-rafaela.com\/index.php\/wp-json\/wp\/v2\/posts\/10787\/revisions\/10788"}],"wp:featuredmedia":[{"embeddable":true,"href":"https:\/\/todoapulmon-rafaela.com\/index.php\/wp-json\/wp\/v2\/media\/10782"}],"wp:attachment":[{"href":"https:\/\/todoapulmon-rafaela.com\/index.php\/wp-json\/wp\/v2\/media?parent=10787"}],"wp:term":[{"taxonomy":"category","embeddable":true,"href":"https:\/\/todoapulmon-rafaela.com\/index.php\/wp-json\/wp\/v2\/categories?post=10787"},{"taxonomy":"post_tag","embeddable":true,"href":"https:\/\/todoapulmon-rafaela.com\/index.php\/wp-json\/wp\/v2\/tags?post=10787"}],"curies":[{"name":"wp","href":"https:\/\/api.w.org\/{rel}","templated":true}]}}