{"id":10761,"date":"2018-01-25T12:13:40","date_gmt":"2018-01-25T12:13:40","guid":{"rendered":"http:\/\/todoapulmon-rafaela.com\/?p=10761"},"modified":"2018-01-25T12:13:40","modified_gmt":"2018-01-25T12:13:40","slug":"atletico-empieza-el-lunes-en-formativas","status":"publish","type":"post","link":"https:\/\/todoapulmon-rafaela.com\/index.php\/2018\/01\/25\/atletico-empieza-el-lunes-en-formativas\/","title":{"rendered":"Atl\u00e9tico empieza el lunes en Formativas"},"content":{"rendered":"<div class=\"_5wd4 _1nc7\">\n<div class=\"_h8t\">\n<div class=\"_5wd9 direction_ltr\">\n<div class=\"_5wde _n4o\">\n<div class=\"_5w1r _3_om _5wdf\">\n<div class=\"_4gx_\">\n<div class=\"_d97\">El venidero lunes 29 de enero comenzar\u00e1n los entrenamientos de las categor\u00edas Formativas de b\u00e1squetbol de Atl\u00e9tico de Rafaela, de cara a a la temporada 2018.<\/div>\n<div class=\"_d97\">Los horarios de actividad en el gimnasio Lucio Casar\u00edn ser\u00e1n los siguientes: categor\u00eda U13, a partir de las 18; U15 y U17 a las 18.30.<\/div>\n<div class=\"_d97\">El cuerpo t\u00e9cnico est\u00e1 conformado por los entrenadores Marcelo Miretti y Gerardo Velazco, junto a los preparadores f\u00edsicos Diego Romera y Sim\u00f3n Giussani.<\/div>\n<div class=\"_d97\"><\/div>\n<\/div>\n<\/div>\n<\/div>\n<\/div>\n<\/div>\n<\/div>\n","protected":false},"excerpt":{"rendered":"<p>El venidero lunes 29 de enero comenzar\u00e1n los entrenamientos de las categor\u00edas Formativas de b\u00e1squetbol de Atl\u00e9tico de Rafaela, de<\/p>\n","protected":false},"author":2,"featured_media":10762,"comment_status":"open","ping_status":"open","sticky":false,"template":"","format":"standard","meta":{"footnotes":""},"categories":[5],"tags":[],"class_list":["post-10761","post","type-post","status-publish","format-standard","has-post-thumbnail","hentry","category-basquet"],"cc_featured_image_caption":{"caption_text":"","source_text":"","source_url":""},"_links":{"self":[{"href":"https:\/\/todoapulmon-rafaela.com\/index.php\/wp-json\/wp\/v2\/posts\/10761"}],"collection":[{"href":"https:\/\/todoapulmon-rafaela.com\/index.php\/wp-json\/wp\/v2\/posts"}],"about":[{"href":"https:\/\/todoapulmon-rafaela.com\/index.php\/wp-json\/wp\/v2\/types\/post"}],"author":[{"embeddable":true,"href":"https:\/\/todoapulmon-rafaela.com\/index.php\/wp-json\/wp\/v2\/users\/2"}],"replies":[{"embeddable":true,"href":"https:\/\/todoapulmon-rafaela.com\/index.php\/wp-json\/wp\/v2\/comments?post=10761"}],"version-history":[{"count":1,"href":"https:\/\/todoapulmon-rafaela.com\/index.php\/wp-json\/wp\/v2\/posts\/10761\/revisions"}],"predecessor-version":[{"id":10763,"href":"https:\/\/todoapulmon-rafaela.com\/index.php\/wp-json\/wp\/v2\/posts\/10761\/revisions\/10763"}],"wp:featuredmedia":[{"embeddable":true,"href":"https:\/\/todoapulmon-rafaela.com\/index.php\/wp-json\/wp\/v2\/media\/10762"}],"wp:attachment":[{"href":"https:\/\/todoapulmon-rafaela.com\/index.php\/wp-json\/wp\/v2\/media?parent=10761"}],"wp:term":[{"taxonomy":"category","embeddable":true,"href":"https:\/\/todoapulmon-rafaela.com\/index.php\/wp-json\/wp\/v2\/categories?post=10761"},{"taxonomy":"post_tag","embeddable":true,"href":"https:\/\/todoapulmon-rafaela.com\/index.php\/wp-json\/wp\/v2\/tags?post=10761"}],"curies":[{"name":"wp","href":"https:\/\/api.w.org\/{rel}","templated":true}]}}