{"id":10746,"date":"2018-01-22T17:11:56","date_gmt":"2018-01-22T17:11:56","guid":{"rendered":"http:\/\/todoapulmon-rafaela.com\/?p=10746"},"modified":"2018-01-22T17:14:20","modified_gmt":"2018-01-22T17:14:20","slug":"yoel-vargas-se-destaco-en-la-prueba-de-fondo-en-parana","status":"publish","type":"post","link":"https:\/\/todoapulmon-rafaela.com\/index.php\/2018\/01\/22\/yoel-vargas-se-destaco-en-la-prueba-de-fondo-en-parana\/","title":{"rendered":"Yoel Vargas se destac\u00f3 en la prueba de fondo en Paran\u00e1"},"content":{"rendered":"<p>El domingo se corri\u00f3 el 10\u00b0 Gran Premio Memorial Sadi David en la ciudad de Paran\u00e1. Hubo gran asistencia de pedalistas locales y de provincias aleda\u00f1as, que se acercaron para disputar las diferentes categor\u00edas. En ese aspecto hubo un buen aporte de los representantes de nuestra ciudad, que se destacaron en el circuito que se diagram\u00f3 en la Circunvalaci\u00f3n, entre las calles Don Bosco y Francia. La programaci\u00f3n fue organizada por el Club\u00a0Argentinos Junior con la fiscalizaci\u00f3n de la Asociaci\u00f3n Ciclista de Entre R\u00edos.<\/p>\n<p>Los protagonistas del Capella Competici\u00f3n, en su estreno competitivo anual, consiguieron varios puestos salientes. Yoel Vargas fue segundo en la prueba principal de Elite, Sub 23 y Juniors, y ganador entre los Juniors. La competencia tuvo 38 corredores en linea de largada, de las Escuadras Esco Agroplan, Buona Vita de Santa Fe, Escuela Municipal de Paran\u00e1 y Capella Competici\u00f3n, entre otras. Su duraci\u00f3n fue de 75 minutos.<\/p>\n<p>La clasificaci\u00f3n final de la prueba de fondo fue la siguiente: 1\u00b0) Luciano Pereyra (Esco Agroplan); 2\u00b0) Yoel Vargas (Capella Competici\u00f3n); 3\u00b0) Diego As\u00eds (San Francisco); 4\u00b0) Nicol\u00e1s Rubatino (Escuela Municipal Paran\u00e1) y 5\u00b0) Gabriel Carena (Esco Agroplan).<\/p>\n<p>El pr\u00f3ximo domingo, en el mismo horario, se llevar\u00e1 a cabo la segunda fecha del Memorial Sadi David 2018, cerrando el domingo 4 de febrero.<\/p>\n<p>OTRAS CATEGORIAS<\/p>\n<p>De la delegaci\u00f3n de nuestra ciudad, cabe mencionar adem\u00e1s, que Jorge Pogonza fue ganador en la prueba de Debutantes. En las categor\u00edas 2002\/03 fue cuarto Santiago Lambert y sexto Ezequiel Reisch. En damas gan\u00f3 Natalia Vera y fue segunda Andrea Guenzi.<\/p>\n","protected":false},"excerpt":{"rendered":"<p>El domingo se corri\u00f3 el 10\u00b0 Gran Premio Memorial Sadi David en la ciudad de Paran\u00e1. Hubo gran asistencia de<\/p>\n","protected":false},"author":2,"featured_media":10749,"comment_status":"open","ping_status":"open","sticky":false,"template":"","format":"standard","meta":{"footnotes":""},"categories":[4,24],"tags":[],"class_list":["post-10746","post","type-post","status-publish","format-standard","has-post-thumbnail","hentry","category-ciclismo","category-noticias-destacadas"],"cc_featured_image_caption":{"caption_text":"Yoel Vargas fue protagonista de una muy buena carrera, quedando segundo en la clasificaci\u00f3n general.","source_text":"","source_url":""},"_links":{"self":[{"href":"https:\/\/todoapulmon-rafaela.com\/index.php\/wp-json\/wp\/v2\/posts\/10746"}],"collection":[{"href":"https:\/\/todoapulmon-rafaela.com\/index.php\/wp-json\/wp\/v2\/posts"}],"about":[{"href":"https:\/\/todoapulmon-rafaela.com\/index.php\/wp-json\/wp\/v2\/types\/post"}],"author":[{"embeddable":true,"href":"https:\/\/todoapulmon-rafaela.com\/index.php\/wp-json\/wp\/v2\/users\/2"}],"replies":[{"embeddable":true,"href":"https:\/\/todoapulmon-rafaela.com\/index.php\/wp-json\/wp\/v2\/comments?post=10746"}],"version-history":[{"count":1,"href":"https:\/\/todoapulmon-rafaela.com\/index.php\/wp-json\/wp\/v2\/posts\/10746\/revisions"}],"predecessor-version":[{"id":10748,"href":"https:\/\/todoapulmon-rafaela.com\/index.php\/wp-json\/wp\/v2\/posts\/10746\/revisions\/10748"}],"wp:featuredmedia":[{"embeddable":true,"href":"https:\/\/todoapulmon-rafaela.com\/index.php\/wp-json\/wp\/v2\/media\/10749"}],"wp:attachment":[{"href":"https:\/\/todoapulmon-rafaela.com\/index.php\/wp-json\/wp\/v2\/media?parent=10746"}],"wp:term":[{"taxonomy":"category","embeddable":true,"href":"https:\/\/todoapulmon-rafaela.com\/index.php\/wp-json\/wp\/v2\/categories?post=10746"},{"taxonomy":"post_tag","embeddable":true,"href":"https:\/\/todoapulmon-rafaela.com\/index.php\/wp-json\/wp\/v2\/tags?post=10746"}],"curies":[{"name":"wp","href":"https:\/\/api.w.org\/{rel}","templated":true}]}}