{"id":10718,"date":"2018-01-19T23:16:35","date_gmt":"2018-01-19T23:16:35","guid":{"rendered":"http:\/\/todoapulmon-rafaela.com\/?p=10718"},"modified":"2018-01-19T23:16:35","modified_gmt":"2018-01-19T23:16:35","slug":"en-el-tria-infantil-de-la-paz-fue-segunda-julia-lambert","status":"publish","type":"post","link":"https:\/\/todoapulmon-rafaela.com\/index.php\/2018\/01\/19\/en-el-tria-infantil-de-la-paz-fue-segunda-julia-lambert\/","title":{"rendered":"En el Tria Infantil de La Paz fue segunda Julia Lambert"},"content":{"rendered":"<p>Este viernes se puso en marcha la 34\u00aa edici\u00f3n del Tria Internacional de La Paz, en la provincia de Entre R\u00edos. Hubo presencia r\u00e9cord en 26 a\u00f1os de la prueba para las categor\u00edas menores, con 201 atletas inscriptos.<\/p>\n<p>La participaci\u00f3n rafaelina fue a trav\u00e9s de Julia Lambert, del grupo Triatl\u00f3n Rafaela que desde hace unos meses comenz\u00f3 a practicar la disciplina con Alberto Emmert en el aut\u00f3dromo del Club Atl\u00e9tico de Rafaela. Y en su debut en esta gran competencia, fue segunda en la categor\u00eda de 8\/9 a\u00f1os en una muy buena actuaci\u00f3n.<\/p>\n<p>La distancia que recorrieron los chicos fue de 100 metros de nataci\u00f3n, 2.5 kil\u00f3metros de ciclismo y 750 metros de pedestrismo.<\/p>\n<p>Este s\u00e1bado seguir\u00e1 la programaci\u00f3n con los juveniles, Sprint y Estandard, mientras que el domingo ser\u00e1 el turno de los Elite y Sub 23.<\/p>\n","protected":false},"excerpt":{"rendered":"<p>Este viernes se puso en marcha la 34\u00aa edici\u00f3n del Tria Internacional de La Paz, en la provincia de Entre<\/p>\n","protected":false},"author":2,"featured_media":10719,"comment_status":"open","ping_status":"open","sticky":false,"template":"","format":"standard","meta":{"footnotes":""},"categories":[24,28],"tags":[],"class_list":["post-10718","post","type-post","status-publish","format-standard","has-post-thumbnail","hentry","category-noticias-destacadas","category-triatlon"],"cc_featured_image_caption":{"caption_text":"Julia Lambert, muy contenta con el segundo puesto conseguido.","source_text":"","source_url":""},"_links":{"self":[{"href":"https:\/\/todoapulmon-rafaela.com\/index.php\/wp-json\/wp\/v2\/posts\/10718"}],"collection":[{"href":"https:\/\/todoapulmon-rafaela.com\/index.php\/wp-json\/wp\/v2\/posts"}],"about":[{"href":"https:\/\/todoapulmon-rafaela.com\/index.php\/wp-json\/wp\/v2\/types\/post"}],"author":[{"embeddable":true,"href":"https:\/\/todoapulmon-rafaela.com\/index.php\/wp-json\/wp\/v2\/users\/2"}],"replies":[{"embeddable":true,"href":"https:\/\/todoapulmon-rafaela.com\/index.php\/wp-json\/wp\/v2\/comments?post=10718"}],"version-history":[{"count":1,"href":"https:\/\/todoapulmon-rafaela.com\/index.php\/wp-json\/wp\/v2\/posts\/10718\/revisions"}],"predecessor-version":[{"id":10720,"href":"https:\/\/todoapulmon-rafaela.com\/index.php\/wp-json\/wp\/v2\/posts\/10718\/revisions\/10720"}],"wp:featuredmedia":[{"embeddable":true,"href":"https:\/\/todoapulmon-rafaela.com\/index.php\/wp-json\/wp\/v2\/media\/10719"}],"wp:attachment":[{"href":"https:\/\/todoapulmon-rafaela.com\/index.php\/wp-json\/wp\/v2\/media?parent=10718"}],"wp:term":[{"taxonomy":"category","embeddable":true,"href":"https:\/\/todoapulmon-rafaela.com\/index.php\/wp-json\/wp\/v2\/categories?post=10718"},{"taxonomy":"post_tag","embeddable":true,"href":"https:\/\/todoapulmon-rafaela.com\/index.php\/wp-json\/wp\/v2\/tags?post=10718"}],"curies":[{"name":"wp","href":"https:\/\/api.w.org\/{rel}","templated":true}]}}