{"id":10687,"date":"2018-01-15T13:52:55","date_gmt":"2018-01-15T13:52:55","guid":{"rendered":"http:\/\/todoapulmon-rafaela.com\/?p=10687"},"modified":"2018-01-15T13:52:55","modified_gmt":"2018-01-15T13:52:55","slug":"mario-bircher-llega-a-quilmes","status":"publish","type":"post","link":"https:\/\/todoapulmon-rafaela.com\/index.php\/2018\/01\/15\/mario-bircher-llega-a-quilmes\/","title":{"rendered":"Mario Bircher llega a Quilmes"},"content":{"rendered":"<div>En vistas a la temporada 2018 de la Asociaci\u00f3n Rafaelina de B\u00e1squet, el Club Atl\u00e9tico Argentino Quilmes anunci\u00f3 la contrataci\u00f3n del entrenador Mario Bircher, quien estar\u00e1 a cargo de la Primera Divisi\u00f3n y de la categor\u00eda U19, adem\u00e1s de ser el coordinador deportivo de la actividad. El sunchalense vuelve al \u00e1mbito de la ARB luego de una temporada en Sportivo Villa Minetti.<\/div>\n<div>Bircher comenz\u00f3 su carrera como entrenador en Sportivo Empalme de C\u00f3rdoba en 1992, donde cumpli\u00f3 un ciclo de cinco a\u00f1os. En 1999 llegar\u00eda a Libertad de Sunchales para sostenerse hasta 2016, consiguiendo t\u00edtulos en Divisiones Formativas y en Primera Divisi\u00f3n. Adem\u00e1s, Mario fue entrenador de distintos seleccionados de la Asociaci\u00f3n Rafaelina en los torneos provinciales.<\/div>\n<div><\/div>\n<div><b>El grupo de trabajo<\/b><\/div>\n<div><\/div>\n<div>Mario Bircher estar\u00e1 acompa\u00f1ado para este 2018 por Germ\u00e1n Schnidrig, quien ser\u00e1 el entrenador de U15 y U17, mientras que el profesor Pablo Madera tendr\u00e1 a su cargo las categor\u00edas de minib\u00e1squet y U13. El encargado de la parte f\u00edsica en Formativas y Primera Divisi\u00f3n ser\u00e1 Marcelo Alassia.<\/div>\n<div><b>\u00a0<\/b><\/div>\n<div><b>Comienzan los entrenamientos<\/b><\/div>\n<div><\/div>\n<div>Argentino Quilmes iniciar\u00e1 formalmente el a\u00f1o deportivo el lunes 22 de enero con las Divisiones Formativas y Primera Divisi\u00f3n, mientras que m\u00e1s adelante se informar\u00e1n las fechas para el minib\u00e1squet. A partir del pr\u00f3ximo lunes, los chicos deben presentarse en los siguientes horarios:<\/div>\n<div>&#8211; Categor\u00edas U13 y U15: lunes a viernes, a las 17,00 hs.<\/div>\n<div>&#8211; Categor\u00eda U17: lunes a viernes, a las 18,30 hs.<\/div>\n<div>&#8211; Categor\u00edas U19 y Primera Divisi\u00f3n: lunes a viernes, a las 20,00 hs.<\/div>\n","protected":false},"excerpt":{"rendered":"<p>En vistas a la temporada 2018 de la Asociaci\u00f3n Rafaelina de B\u00e1squet, el Club Atl\u00e9tico Argentino Quilmes anunci\u00f3 la contrataci\u00f3n<\/p>\n","protected":false},"author":2,"featured_media":10688,"comment_status":"open","ping_status":"open","sticky":false,"template":"","format":"standard","meta":{"footnotes":""},"categories":[5,24],"tags":[],"class_list":["post-10687","post","type-post","status-publish","format-standard","has-post-thumbnail","hentry","category-basquet","category-noticias-destacadas"],"cc_featured_image_caption":{"caption_text":"Mario Bircher ser\u00e1 el nuevo entrenador \"cervecero\".","source_text":"","source_url":""},"_links":{"self":[{"href":"https:\/\/todoapulmon-rafaela.com\/index.php\/wp-json\/wp\/v2\/posts\/10687"}],"collection":[{"href":"https:\/\/todoapulmon-rafaela.com\/index.php\/wp-json\/wp\/v2\/posts"}],"about":[{"href":"https:\/\/todoapulmon-rafaela.com\/index.php\/wp-json\/wp\/v2\/types\/post"}],"author":[{"embeddable":true,"href":"https:\/\/todoapulmon-rafaela.com\/index.php\/wp-json\/wp\/v2\/users\/2"}],"replies":[{"embeddable":true,"href":"https:\/\/todoapulmon-rafaela.com\/index.php\/wp-json\/wp\/v2\/comments?post=10687"}],"version-history":[{"count":1,"href":"https:\/\/todoapulmon-rafaela.com\/index.php\/wp-json\/wp\/v2\/posts\/10687\/revisions"}],"predecessor-version":[{"id":10689,"href":"https:\/\/todoapulmon-rafaela.com\/index.php\/wp-json\/wp\/v2\/posts\/10687\/revisions\/10689"}],"wp:featuredmedia":[{"embeddable":true,"href":"https:\/\/todoapulmon-rafaela.com\/index.php\/wp-json\/wp\/v2\/media\/10688"}],"wp:attachment":[{"href":"https:\/\/todoapulmon-rafaela.com\/index.php\/wp-json\/wp\/v2\/media?parent=10687"}],"wp:term":[{"taxonomy":"category","embeddable":true,"href":"https:\/\/todoapulmon-rafaela.com\/index.php\/wp-json\/wp\/v2\/categories?post=10687"},{"taxonomy":"post_tag","embeddable":true,"href":"https:\/\/todoapulmon-rafaela.com\/index.php\/wp-json\/wp\/v2\/tags?post=10687"}],"curies":[{"name":"wp","href":"https:\/\/api.w.org\/{rel}","templated":true}]}}