{"id":10670,"date":"2018-01-11T16:31:09","date_gmt":"2018-01-11T16:31:09","guid":{"rendered":"http:\/\/todoapulmon-rafaela.com\/?p=10670"},"modified":"2018-01-11T16:31:09","modified_gmt":"2018-01-11T16:31:09","slug":"el-staff-tecnico-de-crar-para-este-ano","status":"publish","type":"post","link":"https:\/\/todoapulmon-rafaela.com\/index.php\/2018\/01\/11\/el-staff-tecnico-de-crar-para-este-ano\/","title":{"rendered":"El staff t\u00e9cnico de CRAR para este a\u00f1o"},"content":{"rendered":"<p>El 17 de febrero es el d\u00eda se\u00f1alado para la puesta en marcha del trabajo del C\u00edrculo Rafaelino de Rugby de cara a la temporada 2018, que marcar\u00e1 el regreso del equipo de nuestra ciudad al primer nivel del Torneo Regional del Litoral.<\/p>\n<p>Luego de confirmarse el retorno de Enrique L\u00f3pez Durando como Head Coach, entre los \u00faltimos d\u00edas de 2017 y los primeros del nuevo a\u00f1o se fueron definiendo los integrantes del staff. Si bien quedan algunos lugares por cubrir, podr\u00eda decirse que en un gran porcentaje ya qued\u00f3 conformado.<\/p>\n<p>Gerardo Simondi y Gonzalo Garc\u00eda trabajar\u00e1n con los forwards; L\u00f3pez Durando y Ernesto Algaba con los backs; Eduardo Gentile continuar\u00e1 como preparador f\u00edsico, aunque est\u00e1 previsto sumar un segundo profe, que ser\u00eda Gianluca Chiarelli. Como Managers se desempe\u00f1ar\u00e1n Natalia Cipolatti, Silvit Simondi, Mario Seen y Nicol\u00e1s C\u00e1ceres. Y analistas de video: Cristian Martino y Pablo Palacio. Se est\u00e1 definiendo el cuerpo m\u00e9dico.<\/p>\n<p>Dadas las exigencias de la competencia, la idea de L\u00f3pez Durando es tener un cuerpo t\u00e9cnico lo m\u00e1s completo posible, de all\u00ed la posibilidad que puedan sumarse algunas personas m\u00e1s en los pr\u00f3ximos d\u00edas.<\/p>\n<p>Cabe acotar que los jugadores ya cuentan con un plan de trabajo a seguir en este per\u00edodo de manera individual, pero el comienzo de la pretemporada ser\u00e1 el 17 de febrero.<\/p>\n<p>&nbsp;<\/p>\n","protected":false},"excerpt":{"rendered":"<p>El 17 de febrero es el d\u00eda se\u00f1alado para la puesta en marcha del trabajo del C\u00edrculo Rafaelino de Rugby<\/p>\n","protected":false},"author":2,"featured_media":10671,"comment_status":"open","ping_status":"open","sticky":false,"template":"","format":"standard","meta":{"footnotes":""},"categories":[24,2],"tags":[],"class_list":["post-10670","post","type-post","status-publish","format-standard","has-post-thumbnail","hentry","category-noticias-destacadas","category-rugby"],"cc_featured_image_caption":{"caption_text":"El cuerpo t\u00e9cnico de 2017, varios continuar\u00e1n este a\u00f1o.","source_text":"","source_url":""},"_links":{"self":[{"href":"https:\/\/todoapulmon-rafaela.com\/index.php\/wp-json\/wp\/v2\/posts\/10670"}],"collection":[{"href":"https:\/\/todoapulmon-rafaela.com\/index.php\/wp-json\/wp\/v2\/posts"}],"about":[{"href":"https:\/\/todoapulmon-rafaela.com\/index.php\/wp-json\/wp\/v2\/types\/post"}],"author":[{"embeddable":true,"href":"https:\/\/todoapulmon-rafaela.com\/index.php\/wp-json\/wp\/v2\/users\/2"}],"replies":[{"embeddable":true,"href":"https:\/\/todoapulmon-rafaela.com\/index.php\/wp-json\/wp\/v2\/comments?post=10670"}],"version-history":[{"count":1,"href":"https:\/\/todoapulmon-rafaela.com\/index.php\/wp-json\/wp\/v2\/posts\/10670\/revisions"}],"predecessor-version":[{"id":10672,"href":"https:\/\/todoapulmon-rafaela.com\/index.php\/wp-json\/wp\/v2\/posts\/10670\/revisions\/10672"}],"wp:featuredmedia":[{"embeddable":true,"href":"https:\/\/todoapulmon-rafaela.com\/index.php\/wp-json\/wp\/v2\/media\/10671"}],"wp:attachment":[{"href":"https:\/\/todoapulmon-rafaela.com\/index.php\/wp-json\/wp\/v2\/media?parent=10670"}],"wp:term":[{"taxonomy":"category","embeddable":true,"href":"https:\/\/todoapulmon-rafaela.com\/index.php\/wp-json\/wp\/v2\/categories?post=10670"},{"taxonomy":"post_tag","embeddable":true,"href":"https:\/\/todoapulmon-rafaela.com\/index.php\/wp-json\/wp\/v2\/tags?post=10670"}],"curies":[{"name":"wp","href":"https:\/\/api.w.org\/{rel}","templated":true}]}}