{"id":10648,"date":"2018-01-07T17:10:20","date_gmt":"2018-01-07T17:10:20","guid":{"rendered":"http:\/\/todoapulmon-rafaela.com\/?p=10648"},"modified":"2018-01-07T17:10:20","modified_gmt":"2018-01-07T17:10:20","slug":"bolivia-y-salta-destinos-para-atletas-del-cras","status":"publish","type":"post","link":"https:\/\/todoapulmon-rafaela.com\/index.php\/2018\/01\/07\/bolivia-y-salta-destinos-para-atletas-del-cras\/","title":{"rendered":"Bolivia y Salta, destinos para atletas del CRAS"},"content":{"rendered":"<p>El mes de enero es el epicentro de la pretemporada de atletas locales de cara a un a\u00f1o donde se pretende afianzar el crecimiento deportivo. Un grupo de distintas categor\u00edas del Club Rafaelino de Atletismo y Servicios, con el entrenador Ariel Magallanes a la cabeza, estar\u00e1n viajando en los pr\u00f3ximos d\u00edas a dos destinos en pos de sus respectivos objetivos.<\/p>\n<p>Hacia Santa Cruz de la Sierra, Bolivia, lo har\u00e1n Sabrina Rosa y Federica Bogado, para tomar parte del Campamento Internacional de Velocidad, Vallas y Salto en Largo, que tendr\u00e1 como disertantes a los entrenadores Nelio Alfaro Moura (Brasil), Nelson Gutierrez (Cuba) y Oscar Valiente (Per\u00fa), todos prestigiosos profesionales y con grandes antecedentes dentro del atletismo. El viaje de esta parte del contingente est\u00e1 previsto para el jueves, ya que el Campamento se realizar\u00e1 del 13 al 21 de enero.<\/p>\n<p>Al regreso, Magallanes, Rosa y Bogado parar\u00e1n en Cachi, Salta, para unirse a la otra parte de la delegaci\u00f3n que, como el a\u00f1o pasado, estar\u00e1 m\u00e1s de dos semanas trabajando en el mejor Centro de Entrenamiento en altura del pa\u00eds. All\u00ed ya estar\u00e1n, Roc\u00edo Donnet, Sof\u00eda Kloster y Camila Real, mas los varones Franco Caravario y H\u00e9ctor Heit.<\/p>\n","protected":false},"excerpt":{"rendered":"<p>El mes de enero es el epicentro de la pretemporada de atletas locales de cara a un a\u00f1o donde se<\/p>\n","protected":false},"author":2,"featured_media":10649,"comment_status":"open","ping_status":"open","sticky":false,"template":"","format":"standard","meta":{"footnotes":""},"categories":[7,24],"tags":[],"class_list":["post-10648","post","type-post","status-publish","format-standard","has-post-thumbnail","hentry","category-atletismo","category-noticias-destacadas"],"cc_featured_image_caption":{"caption_text":"El banner que promociona el Campamento Internacional en Santa Cruz de la Sierra.","source_text":"","source_url":""},"_links":{"self":[{"href":"https:\/\/todoapulmon-rafaela.com\/index.php\/wp-json\/wp\/v2\/posts\/10648"}],"collection":[{"href":"https:\/\/todoapulmon-rafaela.com\/index.php\/wp-json\/wp\/v2\/posts"}],"about":[{"href":"https:\/\/todoapulmon-rafaela.com\/index.php\/wp-json\/wp\/v2\/types\/post"}],"author":[{"embeddable":true,"href":"https:\/\/todoapulmon-rafaela.com\/index.php\/wp-json\/wp\/v2\/users\/2"}],"replies":[{"embeddable":true,"href":"https:\/\/todoapulmon-rafaela.com\/index.php\/wp-json\/wp\/v2\/comments?post=10648"}],"version-history":[{"count":1,"href":"https:\/\/todoapulmon-rafaela.com\/index.php\/wp-json\/wp\/v2\/posts\/10648\/revisions"}],"predecessor-version":[{"id":10650,"href":"https:\/\/todoapulmon-rafaela.com\/index.php\/wp-json\/wp\/v2\/posts\/10648\/revisions\/10650"}],"wp:featuredmedia":[{"embeddable":true,"href":"https:\/\/todoapulmon-rafaela.com\/index.php\/wp-json\/wp\/v2\/media\/10649"}],"wp:attachment":[{"href":"https:\/\/todoapulmon-rafaela.com\/index.php\/wp-json\/wp\/v2\/media?parent=10648"}],"wp:term":[{"taxonomy":"category","embeddable":true,"href":"https:\/\/todoapulmon-rafaela.com\/index.php\/wp-json\/wp\/v2\/categories?post=10648"},{"taxonomy":"post_tag","embeddable":true,"href":"https:\/\/todoapulmon-rafaela.com\/index.php\/wp-json\/wp\/v2\/tags?post=10648"}],"curies":[{"name":"wp","href":"https:\/\/api.w.org\/{rel}","templated":true}]}}