{"id":10640,"date":"2018-01-03T12:10:07","date_gmt":"2018-01-03T12:10:07","guid":{"rendered":"http:\/\/todoapulmon-rafaela.com\/?p=10640"},"modified":"2018-01-03T12:10:07","modified_gmt":"2018-01-03T12:10:07","slug":"el-seleccionado-juvenil-usr-sera-local-otra-vez-en-rafaela","status":"publish","type":"post","link":"https:\/\/todoapulmon-rafaela.com\/index.php\/2018\/01\/03\/el-seleccionado-juvenil-usr-sera-local-otra-vez-en-rafaela\/","title":{"rendered":"El seleccionado juvenil USR ser\u00e1 local otra vez en Rafaela"},"content":{"rendered":"<p>Luego de la buena experiencia del a\u00f1o pasado, el seleccionado juvenil M-18 de la Uni\u00f3n Santafesina de Rugby jugar\u00e1 un partido como local en nuestra ciudad en el pr\u00f3ximo campeonato Argentino de la categor\u00eda.<\/p>\n<p>La semana pasada, en uno de los \u00faltimos programas del ciclo de Todo a Pulm\u00f3n radio, el presidente del C\u00edrculo Rafaelino, Alejandro Brasca, confirm\u00f3 que la Uni\u00f3n Santafesina ya dio el visto bueno a la dirigencia rafaelina. Resta definir la fecha y el rival, cuando la UAR difunda el respectivo calendario de partidos de la competencia.<\/p>\n<p>Recordemos que Santa Fe forma parte de la Zona Campeonato. El a\u00f1o pasado, el encuentro que se disput\u00f3 en la cancha del CRAR fue ante Buenos Aires, que en la oportunidad derrot\u00f3 a la USR por 54 a 0, con seis jugadores del equipo verde.<\/p>\n<p>CONVOCADOS RAFAELINOS<\/p>\n<p>El seleccionado M-18 de la Uni\u00f3n Santafesina estuvo trabajando hasta el 29 de diciembre, tras lo cual inici\u00f3 un receso hasta el 29 de enero. El listado se ha depurado en relaci\u00f3n al comienzo de las actividades y de CRAR fueron citados para la reanudaci\u00f3n de los trabajos los siguientes jugadores: Gabriel Morales, Octavio Capella, Ignacio Martinez y Tom\u00e1s De la Riva.<\/p>\n","protected":false},"excerpt":{"rendered":"<p>Luego de la buena experiencia del a\u00f1o pasado, el seleccionado juvenil M-18 de la Uni\u00f3n Santafesina de Rugby jugar\u00e1 un<\/p>\n","protected":false},"author":2,"featured_media":10641,"comment_status":"open","ping_status":"open","sticky":false,"template":"","format":"standard","meta":{"footnotes":""},"categories":[24,2],"tags":[],"class_list":["post-10640","post","type-post","status-publish","format-standard","has-post-thumbnail","hentry","category-noticias-destacadas","category-rugby"],"cc_featured_image_caption":{"caption_text":"Como el a\u00f1o pasado, en cancha de CRAR se jugar\u00e1 un partido del Argentino Juvenil.","source_text":"","source_url":""},"_links":{"self":[{"href":"https:\/\/todoapulmon-rafaela.com\/index.php\/wp-json\/wp\/v2\/posts\/10640"}],"collection":[{"href":"https:\/\/todoapulmon-rafaela.com\/index.php\/wp-json\/wp\/v2\/posts"}],"about":[{"href":"https:\/\/todoapulmon-rafaela.com\/index.php\/wp-json\/wp\/v2\/types\/post"}],"author":[{"embeddable":true,"href":"https:\/\/todoapulmon-rafaela.com\/index.php\/wp-json\/wp\/v2\/users\/2"}],"replies":[{"embeddable":true,"href":"https:\/\/todoapulmon-rafaela.com\/index.php\/wp-json\/wp\/v2\/comments?post=10640"}],"version-history":[{"count":1,"href":"https:\/\/todoapulmon-rafaela.com\/index.php\/wp-json\/wp\/v2\/posts\/10640\/revisions"}],"predecessor-version":[{"id":10642,"href":"https:\/\/todoapulmon-rafaela.com\/index.php\/wp-json\/wp\/v2\/posts\/10640\/revisions\/10642"}],"wp:featuredmedia":[{"embeddable":true,"href":"https:\/\/todoapulmon-rafaela.com\/index.php\/wp-json\/wp\/v2\/media\/10641"}],"wp:attachment":[{"href":"https:\/\/todoapulmon-rafaela.com\/index.php\/wp-json\/wp\/v2\/media?parent=10640"}],"wp:term":[{"taxonomy":"category","embeddable":true,"href":"https:\/\/todoapulmon-rafaela.com\/index.php\/wp-json\/wp\/v2\/categories?post=10640"},{"taxonomy":"post_tag","embeddable":true,"href":"https:\/\/todoapulmon-rafaela.com\/index.php\/wp-json\/wp\/v2\/tags?post=10640"}],"curies":[{"name":"wp","href":"https:\/\/api.w.org\/{rel}","templated":true}]}}