{"id":10604,"date":"2017-12-26T23:44:43","date_gmt":"2017-12-26T23:44:43","guid":{"rendered":"http:\/\/todoapulmon-rafaela.com\/?p=10604"},"modified":"2017-12-26T23:45:08","modified_gmt":"2017-12-26T23:45:08","slug":"la-carrera-del-cras-no-se-haria-en-2018","status":"publish","type":"post","link":"https:\/\/todoapulmon-rafaela.com\/index.php\/2017\/12\/26\/la-carrera-del-cras-no-se-haria-en-2018\/","title":{"rendered":"La carrera del CRAS no se har\u00eda en 2018"},"content":{"rendered":"<p>Este martes nos visit\u00f3 en Todo a Pulm\u00f3n radio Luis Guglielmone, vicepresidente del Club Rafaelino de Atletismo y Servicios (CRAS), para hablar de diferentes temas vinculados a la actualidad de la instituci\u00f3n.<\/p>\n<p>Luego de hacer un balance muy positivo respecto de la temporada con el atletismo competitivo de pista, mini-atletismo y tambi\u00e9n el proyecto Lechuzas, con muchos logros a lo largo del a\u00f1o, le consultamos sobre la tradicional carrera \u00abAniversario\u00bb, un cl\u00e1sico para la instituci\u00f3n.<\/p>\n<p>\u00abHoy te tengo que decir que en un 95 por ciento la carrera no se va a realizar. Hasta el momento no hemos conseguido sponsorizaci\u00f3n, la carrera tiene sus cosas y hoy no las podemos brindar\u00bb, explic\u00f3 el dirigente, con lo cual se reiterar\u00eda la situaci\u00f3n de \u00abpausa\u00bb que se dio en 2014.<\/p>\n<p>\u00abSi no podemos brindar una carrera de nivel, prefiero no hacerla. Y te digo mas, prefiero no realizarla tampoco en el futuro, porque se hace cuesta arriba cuando se pretende ofrecer la remera, hidrataci\u00f3n, todo un trabajo previo. Yo s\u00e9 que son momentos un poco duros en cuanto a la parte publicitaria, pero es muy dif\u00edcil as\u00ed poder realizar la prueba\u00bb, finaliz\u00f3 Guglielmone.<\/p>\n<p>Recordemos que la carrera, sobre 10k, ven\u00eda creciendo en cantidad de protagonistas en los \u00faltimos a\u00f1os, superando los 500 en la edici\u00f3n pasada.<\/p>\n","protected":false},"excerpt":{"rendered":"<p>Este martes nos visit\u00f3 en Todo a Pulm\u00f3n radio Luis Guglielmone, vicepresidente del Club Rafaelino de Atletismo y Servicios (CRAS),<\/p>\n","protected":false},"author":2,"featured_media":10605,"comment_status":"open","ping_status":"open","sticky":false,"template":"","format":"standard","meta":{"footnotes":""},"categories":[7,24],"tags":[],"class_list":["post-10604","post","type-post","status-publish","format-standard","has-post-thumbnail","hentry","category-atletismo","category-noticias-destacadas"],"cc_featured_image_caption":{"caption_text":"Luis Guglielmone brind\u00f3 precisiones de los motivos en Todo a Pulm\u00f3n radio.","source_text":"","source_url":""},"_links":{"self":[{"href":"https:\/\/todoapulmon-rafaela.com\/index.php\/wp-json\/wp\/v2\/posts\/10604"}],"collection":[{"href":"https:\/\/todoapulmon-rafaela.com\/index.php\/wp-json\/wp\/v2\/posts"}],"about":[{"href":"https:\/\/todoapulmon-rafaela.com\/index.php\/wp-json\/wp\/v2\/types\/post"}],"author":[{"embeddable":true,"href":"https:\/\/todoapulmon-rafaela.com\/index.php\/wp-json\/wp\/v2\/users\/2"}],"replies":[{"embeddable":true,"href":"https:\/\/todoapulmon-rafaela.com\/index.php\/wp-json\/wp\/v2\/comments?post=10604"}],"version-history":[{"count":2,"href":"https:\/\/todoapulmon-rafaela.com\/index.php\/wp-json\/wp\/v2\/posts\/10604\/revisions"}],"predecessor-version":[{"id":10607,"href":"https:\/\/todoapulmon-rafaela.com\/index.php\/wp-json\/wp\/v2\/posts\/10604\/revisions\/10607"}],"wp:featuredmedia":[{"embeddable":true,"href":"https:\/\/todoapulmon-rafaela.com\/index.php\/wp-json\/wp\/v2\/media\/10605"}],"wp:attachment":[{"href":"https:\/\/todoapulmon-rafaela.com\/index.php\/wp-json\/wp\/v2\/media?parent=10604"}],"wp:term":[{"taxonomy":"category","embeddable":true,"href":"https:\/\/todoapulmon-rafaela.com\/index.php\/wp-json\/wp\/v2\/categories?post=10604"},{"taxonomy":"post_tag","embeddable":true,"href":"https:\/\/todoapulmon-rafaela.com\/index.php\/wp-json\/wp\/v2\/tags?post=10604"}],"curies":[{"name":"wp","href":"https:\/\/api.w.org\/{rel}","templated":true}]}}