{"id":10581,"date":"2017-12-21T11:41:59","date_gmt":"2017-12-21T11:41:59","guid":{"rendered":"http:\/\/todoapulmon-rafaela.com\/?p=10581"},"modified":"2017-12-21T11:41:59","modified_gmt":"2017-12-21T11:41:59","slug":"basquetbolistas-rafaelinas-entre-las-mejores-del-ano","status":"publish","type":"post","link":"https:\/\/todoapulmon-rafaela.com\/index.php\/2017\/12\/21\/basquetbolistas-rafaelinas-entre-las-mejores-del-ano\/","title":{"rendered":"Basquetbolistas rafaelinas entre las mejores del a\u00f1o"},"content":{"rendered":"<p>El sitio especializado de basquet femenino nacional BF Metro efectu\u00f3 en las \u00faltimas horas una elecci\u00f3n de las jugadoras m\u00e1s destacadas en los diferentes rubros. Dentro del listado dado a conocer, se ubican dos jugadoras de nuestra ciudad: Melisa Gretter y Candela Gentinetta.<\/p>\n<p>Meli fue elegida como la mejor base del a\u00f1o por su gran labor con las Gigantes en la AmeriCup, donde qued\u00f3 adem\u00e1s en el quinteto ideal del torneo, sumados a los t\u00edtulos con Americana Corinthians en Brasil, y Uni\u00f3n Florida en la Liga Nacional Femenina.<\/p>\n<p>En tanto, la juvenil Candela Gentinetta fue ubicada como la jugadora de mayor progreso por su muy buen desempe\u00f1o con las selecciones argentinas juveniles U16 y U17 campeonas sudamericanas, como as\u00ed tambi\u00e9n con Ben Hur en el Federal, y en el seleccionado santafesino campe\u00f3n argentino U17.<\/p>\n","protected":false},"excerpt":{"rendered":"<p>El sitio especializado de basquet femenino nacional BF Metro efectu\u00f3 en las \u00faltimas horas una elecci\u00f3n de las jugadoras m\u00e1s<\/p>\n","protected":false},"author":2,"featured_media":10582,"comment_status":"open","ping_status":"open","sticky":false,"template":"","format":"standard","meta":{"footnotes":""},"categories":[5,24],"tags":[],"class_list":["post-10581","post","type-post","status-publish","format-standard","has-post-thumbnail","hentry","category-basquet","category-noticias-destacadas"],"cc_featured_image_caption":{"caption_text":"Melisa Gretter y Candela Gentinetta representaron a nuestro pa\u00eds.","source_text":"","source_url":""},"_links":{"self":[{"href":"https:\/\/todoapulmon-rafaela.com\/index.php\/wp-json\/wp\/v2\/posts\/10581"}],"collection":[{"href":"https:\/\/todoapulmon-rafaela.com\/index.php\/wp-json\/wp\/v2\/posts"}],"about":[{"href":"https:\/\/todoapulmon-rafaela.com\/index.php\/wp-json\/wp\/v2\/types\/post"}],"author":[{"embeddable":true,"href":"https:\/\/todoapulmon-rafaela.com\/index.php\/wp-json\/wp\/v2\/users\/2"}],"replies":[{"embeddable":true,"href":"https:\/\/todoapulmon-rafaela.com\/index.php\/wp-json\/wp\/v2\/comments?post=10581"}],"version-history":[{"count":1,"href":"https:\/\/todoapulmon-rafaela.com\/index.php\/wp-json\/wp\/v2\/posts\/10581\/revisions"}],"predecessor-version":[{"id":10583,"href":"https:\/\/todoapulmon-rafaela.com\/index.php\/wp-json\/wp\/v2\/posts\/10581\/revisions\/10583"}],"wp:featuredmedia":[{"embeddable":true,"href":"https:\/\/todoapulmon-rafaela.com\/index.php\/wp-json\/wp\/v2\/media\/10582"}],"wp:attachment":[{"href":"https:\/\/todoapulmon-rafaela.com\/index.php\/wp-json\/wp\/v2\/media?parent=10581"}],"wp:term":[{"taxonomy":"category","embeddable":true,"href":"https:\/\/todoapulmon-rafaela.com\/index.php\/wp-json\/wp\/v2\/categories?post=10581"},{"taxonomy":"post_tag","embeddable":true,"href":"https:\/\/todoapulmon-rafaela.com\/index.php\/wp-json\/wp\/v2\/tags?post=10581"}],"curies":[{"name":"wp","href":"https:\/\/api.w.org\/{rel}","templated":true}]}}