{"id":10419,"date":"2017-12-06T11:39:09","date_gmt":"2017-12-06T11:39:09","guid":{"rendered":"http:\/\/todoapulmon-rafaela.com\/?p=10419"},"modified":"2017-12-06T11:39:09","modified_gmt":"2017-12-06T11:39:09","slug":"se-viene-el-torneo-romeo-kerz","status":"publish","type":"post","link":"https:\/\/todoapulmon-rafaela.com\/index.php\/2017\/12\/06\/se-viene-el-torneo-romeo-kerz\/","title":{"rendered":"Se viene el torneo Romeo Kerz"},"content":{"rendered":"<p>La Subcomisi\u00f3n de Pelota Paleta de la A.M.S. y D. Atl\u00e9tico de Rafaela informa que en los d\u00edas 8, 9 y 10 de diciembre se desarrollar\u00e1 la fecha clausura del \u201cTorneo Amistad 2017\u201d, con la realizaci\u00f3n de la 19na edici\u00f3n del tradicional \u201cTorneo Amistad Romeo Kerz\u201d. Dicha competencia es anual y cuenta con 10 fechas organizadas por la Comisi\u00f3n de Torneos Amistad de la Federaci\u00f3n Santafesina de Pelota Paleta, siendo disputadas en distintos clubes de las provincias de Santa Fe, Entre R\u00edos y C\u00f3rdoba, del cual participan durante el a\u00f1o aproximadamente 300 pelotaris, divididos en tres categor\u00edas seg\u00fan su nivel de juego, esperando en esta oportunidad la presencia de 70 jugadores.<br \/>\nLa actividad se desarrollar\u00e1 en el front\u00f3n de Atl\u00e9tico, ubicado en el interior del aut\u00f3dromo \u00abCiudad de Rafaela\u00bb con la siguiente programaci\u00f3n:<br \/>\nViernes 8, a partir de las 14.00 hs. categor\u00eda \u201cB\u201d continuando el s\u00e1bado 9 desde las 09.00 hs. categor\u00eda \u201cC\u201d y 15.00 hs. categor\u00eda \u201cA. Para finalizar el domingo 10 se jugar\u00e1n las finales de las 3 categor\u00edas a comenzando a las 10.00 hs., posteriormente se realizar\u00e1 desde las 13.00 hs. el almuerzo de entrega de premios y la clausura del Torneo Anual Amistad 2017 con los reconocimientos a los campeones anuales y a los pelotaris con asistencias perfectas en las 10 fechas.<br \/>\nLos organizadores aprovechan la oportunidad para destacar y agradece la colaboraci\u00f3n econ\u00f3mica y deportiva recibida de parte del Senador Departamental Alcides Calvo y de la Comisi\u00f3n Asesora Municipal de Deporte de la ciudad de Rafaela, brindada a esta actividad y a sus jugadores.<\/p>\n","protected":false},"excerpt":{"rendered":"<p>La Subcomisi\u00f3n de Pelota Paleta de la A.M.S. y D. Atl\u00e9tico de Rafaela informa que en los d\u00edas 8, 9<\/p>\n","protected":false},"author":2,"featured_media":10420,"comment_status":"open","ping_status":"open","sticky":false,"template":"","format":"standard","meta":{"footnotes":""},"categories":[24,1],"tags":[],"class_list":["post-10419","post","type-post","status-publish","format-standard","has-post-thumbnail","hentry","category-noticias-destacadas","category-sin-categoria"],"cc_featured_image_caption":{"caption_text":"","source_text":"","source_url":""},"_links":{"self":[{"href":"https:\/\/todoapulmon-rafaela.com\/index.php\/wp-json\/wp\/v2\/posts\/10419"}],"collection":[{"href":"https:\/\/todoapulmon-rafaela.com\/index.php\/wp-json\/wp\/v2\/posts"}],"about":[{"href":"https:\/\/todoapulmon-rafaela.com\/index.php\/wp-json\/wp\/v2\/types\/post"}],"author":[{"embeddable":true,"href":"https:\/\/todoapulmon-rafaela.com\/index.php\/wp-json\/wp\/v2\/users\/2"}],"replies":[{"embeddable":true,"href":"https:\/\/todoapulmon-rafaela.com\/index.php\/wp-json\/wp\/v2\/comments?post=10419"}],"version-history":[{"count":1,"href":"https:\/\/todoapulmon-rafaela.com\/index.php\/wp-json\/wp\/v2\/posts\/10419\/revisions"}],"predecessor-version":[{"id":10421,"href":"https:\/\/todoapulmon-rafaela.com\/index.php\/wp-json\/wp\/v2\/posts\/10419\/revisions\/10421"}],"wp:featuredmedia":[{"embeddable":true,"href":"https:\/\/todoapulmon-rafaela.com\/index.php\/wp-json\/wp\/v2\/media\/10420"}],"wp:attachment":[{"href":"https:\/\/todoapulmon-rafaela.com\/index.php\/wp-json\/wp\/v2\/media?parent=10419"}],"wp:term":[{"taxonomy":"category","embeddable":true,"href":"https:\/\/todoapulmon-rafaela.com\/index.php\/wp-json\/wp\/v2\/categories?post=10419"},{"taxonomy":"post_tag","embeddable":true,"href":"https:\/\/todoapulmon-rafaela.com\/index.php\/wp-json\/wp\/v2\/tags?post=10419"}],"curies":[{"name":"wp","href":"https:\/\/api.w.org\/{rel}","templated":true}]}}