{"id":10416,"date":"2017-12-05T23:52:56","date_gmt":"2017-12-05T23:52:56","guid":{"rendered":"http:\/\/todoapulmon-rafaela.com\/?p=10416"},"modified":"2017-12-05T23:52:56","modified_gmt":"2017-12-05T23:52:56","slug":"empieza-el-atletismo-en-el-sudamericano-sub-14","status":"publish","type":"post","link":"https:\/\/todoapulmon-rafaela.com\/index.php\/2017\/12\/05\/empieza-el-atletismo-en-el-sudamericano-sub-14\/","title":{"rendered":"Empieza el atletismo en el Sudamericano Sub 14"},"content":{"rendered":"<p>El polideportivo de Quillacollo ya es escenario de competencia luego del acto inaugural de los XXIII Juegos Sudamericanos Escolares Cochabamba 2017. Deportistas y entrenadores de 12 pa\u00edses llegaron hasta esa ciudad boliviana para participar del evento internacional, para chicos hasta 14 a\u00f1os.<\/p>\n<p>Alegr\u00eda, color y m\u00fasica fueron las caracter\u00edsticas de la ceremonia donde m\u00e1s 1800 deportistas y entrenadores\u00a0demostraron su alegr\u00eda por el inicio de las competencias que se desarrollar\u00e1n durante la semana.<\/p>\n<p>Argentina viaj\u00f3 con 110 j\u00f3venes que participar\u00e1n en f\u00fatbol sala, v\u00f3leibol, nataci\u00f3n, handball, atletismo y atletismo adaptado. La delegaci\u00f3n de atletismo tiene a dos representantes de nuestro medio: Araceli Mondino (CEF 53), que participar\u00e1 en los 80 metros con vallas el jueves; y Lucas Su\u00e1rez (CRAS), que intervendr\u00e1 en el hexatl\u00f3n, cuyas pruebas estar\u00edan comenzando este mi\u00e9rcoles. La inc\u00f3gnita pasa por el mal tiempo reinante, ya que este martes llovi\u00f3 intensamente en esa zona y la pista de atletismo, aunque parezca incre\u00edble por la trascendencia del evento a nivel internacional, es de &#8230;polvo de ladrillo.<\/p>\n","protected":false},"excerpt":{"rendered":"<p>El polideportivo de Quillacollo ya es escenario de competencia luego del acto inaugural de los XXIII Juegos Sudamericanos Escolares Cochabamba<\/p>\n","protected":false},"author":2,"featured_media":10417,"comment_status":"open","ping_status":"open","sticky":false,"template":"","format":"standard","meta":{"footnotes":""},"categories":[7,24],"tags":[],"class_list":["post-10416","post","type-post","status-publish","format-standard","has-post-thumbnail","hentry","category-atletismo","category-noticias-destacadas"],"cc_featured_image_caption":{"caption_text":"El equipo argentino de atletismo en Cochabamba (Bolivia).","source_text":"","source_url":""},"_links":{"self":[{"href":"https:\/\/todoapulmon-rafaela.com\/index.php\/wp-json\/wp\/v2\/posts\/10416"}],"collection":[{"href":"https:\/\/todoapulmon-rafaela.com\/index.php\/wp-json\/wp\/v2\/posts"}],"about":[{"href":"https:\/\/todoapulmon-rafaela.com\/index.php\/wp-json\/wp\/v2\/types\/post"}],"author":[{"embeddable":true,"href":"https:\/\/todoapulmon-rafaela.com\/index.php\/wp-json\/wp\/v2\/users\/2"}],"replies":[{"embeddable":true,"href":"https:\/\/todoapulmon-rafaela.com\/index.php\/wp-json\/wp\/v2\/comments?post=10416"}],"version-history":[{"count":1,"href":"https:\/\/todoapulmon-rafaela.com\/index.php\/wp-json\/wp\/v2\/posts\/10416\/revisions"}],"predecessor-version":[{"id":10418,"href":"https:\/\/todoapulmon-rafaela.com\/index.php\/wp-json\/wp\/v2\/posts\/10416\/revisions\/10418"}],"wp:featuredmedia":[{"embeddable":true,"href":"https:\/\/todoapulmon-rafaela.com\/index.php\/wp-json\/wp\/v2\/media\/10417"}],"wp:attachment":[{"href":"https:\/\/todoapulmon-rafaela.com\/index.php\/wp-json\/wp\/v2\/media?parent=10416"}],"wp:term":[{"taxonomy":"category","embeddable":true,"href":"https:\/\/todoapulmon-rafaela.com\/index.php\/wp-json\/wp\/v2\/categories?post=10416"},{"taxonomy":"post_tag","embeddable":true,"href":"https:\/\/todoapulmon-rafaela.com\/index.php\/wp-json\/wp\/v2\/tags?post=10416"}],"curies":[{"name":"wp","href":"https:\/\/api.w.org\/{rel}","templated":true}]}}