{"id":10372,"date":"2017-12-02T18:47:48","date_gmt":"2017-12-02T18:47:48","guid":{"rendered":"http:\/\/todoapulmon-rafaela.com\/?p=10372"},"modified":"2017-12-03T13:23:23","modified_gmt":"2017-12-03T13:23:23","slug":"destaco-el-compromiso-de-todos-los-atletas-3","status":"publish","type":"post","link":"https:\/\/todoapulmon-rafaela.com\/index.php\/2017\/12\/02\/destaco-el-compromiso-de-todos-los-atletas-3\/","title":{"rendered":"\u00abDestaco el compromiso de todos los atletas\u00bb"},"content":{"rendered":"<p>La posible desaparici\u00f3n del ENARD fue un tema que puso en vilo a todo el arco deportivo de nuestro pa\u00eds, fundamentalmente en cuanto a lo que tiene que ver con las disciplinas amateurs. Fue pr\u00e1cticamente un\u00e1nime el rechazo a lo que hubiere significado un retroceso muy grande para las aspiraciones de much\u00edsimos j\u00f3venes de alto rendimiento de Argentina.<\/p>\n<p>El \u00faltimo jueves, en Todo a Pulm\u00f3n radio, tuvimos la posibilidad de conversar con Walter P\u00e9rez, una palabra autorizada por varios motivos. Por ser campe\u00f3n ol\u00edmpico, por ser presidente de la Comisi\u00f3n de Atletas del Comit\u00e9 Olimpico Argentino, por ser uno de los entrenadores y referentes del proyecto Buenos Aires 2018, por citar algunos.<\/p>\n<p>En la introducci\u00f3n de la nota mostr\u00f3 su benepl\u00e1cito por llegar a un punto de acuerdo. \u00abSi, por suerte se logr\u00f3 modificar un poco la ley. El lunes estuvimos con el presidente Mauricio Macri donde cara a cara nos dijo como era el tema, como surgi\u00f3 la problem\u00e1tica y cu\u00e1l iba a ser la soluci\u00f3n. Y se lleg\u00f3 a un acuerdo que fue favorable para ambas partes. Quedamos contentos pero siempre destaco el compromiso que tuvieron todos los atletas para lograr la soluci\u00f3n al problema, surgido semanas atr\u00e1s\u00bb.<\/p>\n<p>En el terreno de valorar lo que signific\u00f3 el ENARD en los \u00faltimos a\u00f1os, expres\u00f3 que \u00abmis mayores logros deportivos los consegu\u00ed antes del ENARD, que comenz\u00f3 a funcionar en 2010. Mi medalla de oro en los Juegos Ol\u00edmpicos fue en 2008 y tengo esa voz autorizada, en cuanto a los mas j\u00f3venes que empezaron a estar en el alto rendimiento con el ENARD ya creado, sobre como era el deporte antes de su creaci\u00f3n y los cambios que llegaron posteriormente\u00bb.<\/p>\n<p>Sobre el pedido original de los atletas y la soluci\u00f3n ofrecida por el Gobierno nacional, P\u00e9rez manifest\u00f3 que \u00abantes el Gobierno es como que ten\u00eda muchas ventanillas de cobro de impuestos. Donde se distorsionaba a quien se le entregaba, lo que cambia ahora es que recauda todos los impuestos, van directo al Estado y eso lo vuelcan hacia los distintos Entes. Lo que nosotros no quer\u00edamos es que pase a trav\u00e9s de la Secretar\u00eda de Deporte, porque tienen tiempos distintos a lo que hoy tiene el ENARD.<\/p>\n<p>Solo se cambi\u00f3 el inciso A de la ley, en cuanto a la financiaci\u00f3n (antes era del 1 por ciento de la telefon\u00eda celular). Ahora va a venir directamente de las arcas del Estado. Despu\u00e9s va a seguir siendo un ente aut\u00e1rquico en su funcionamiento. Adem\u00e1s se logr\u00f3 aumentar un\u00a0poco el presupuesto. Este a\u00f1o fue de casi 700 millones de pesos, para 2018 se puso 900 millones y tambi\u00e9n se pudo negociar que el incremento sea de acuerdo al \u00edndice del INDEC\u00bb.<\/p>\n<p>SATISFACCION POR EL CLUB CICLISTA<\/p>\n<p>La charla fue propicia para conversar tambi\u00e9n del trabajo de Buenos Aires 2018 que comparte con Daniel Capella y su relaci\u00f3n natural con nuestra ciudad.<\/p>\n<p>\u00abYo ten\u00eda que haber estado en Mar del Plata, pero con estas reuniones no pude hacerlo. Felicito al Club Ciclista de Rafaela porque la Municipalidad le dio en forma definitiva las tierras. Es un paso para que siga creciendo, ya que le da mucho a los deportistas. Es un club que recibe a muchos ciclistas del norte del pa\u00eds para seguir mejorando. Es m\u00e1s, un poco en broma le escrib\u00ed a Daniel Capella que ahora tienen que seguir por el techado del vel\u00f3dromo\u00bb, manifest\u00f3 el campe\u00f3n ol\u00edmpico.<\/p>\n<p>En cuanto al contexto global del ciclismo argentino, puntualiz\u00f3 que \u00abhubo un recambio generacional a partir de 2012 donde se obtuvieron resutados, pero no los esperados creo yo. Ahora hay una camada de chicos j\u00f3venes que tienen que hacer experiencia internacional, se intenta darle el apoyo pero todav\u00eda est\u00e1 un poco dificil. Vuelve la Madison al ciclo ol\u00edmpico, en damas. Nosotros no estamos involucrados con la Federaci\u00f3n, pero tratamos de empezar a ense\u00f1ar esa especialidad que nunca se hizo en mujeres, en la concentraci\u00f3n en Mar del Plata\u00bb.<\/p>\n<p>Este es el audio de la nota:<\/p>\n<!--[if lt IE 9]><script>document.createElement('audio');<\/script><![endif]-->\n<audio class=\"wp-audio-shortcode\" id=\"audio-10372-1\" preload=\"none\" style=\"width: 100%;\" controls=\"controls\"><source type=\"audio\/mpeg\" src=\"http:\/\/todoapulmon-rafaela.com\/wp-content\/uploads\/2017\/12\/30-11-17-WALTER-PEREZ-1.mp3?_=1\" \/><a href=\"http:\/\/todoapulmon-rafaela.com\/wp-content\/uploads\/2017\/12\/30-11-17-WALTER-PEREZ-1.mp3\">http:\/\/todoapulmon-rafaela.com\/wp-content\/uploads\/2017\/12\/30-11-17-WALTER-PEREZ-1.mp3<\/a><\/audio>\n","protected":false},"excerpt":{"rendered":"<p>La posible desaparici\u00f3n del ENARD fue un tema que puso en vilo a todo el arco deportivo de nuestro pa\u00eds,<\/p>\n","protected":false},"author":2,"featured_media":10366,"comment_status":"open","ping_status":"open","sticky":false,"template":"","format":"standard","meta":{"footnotes":""},"categories":[4,24],"tags":[],"class_list":["post-10372","post","type-post","status-publish","format-standard","has-post-thumbnail","hentry","category-ciclismo","category-noticias-destacadas"],"cc_featured_image_caption":{"caption_text":"Walter P\u00e9rez se mostr\u00f3 contento por la buena noticia que tuvo esta semana el Club Ciclista de Rafaela.","source_text":"","source_url":""},"_links":{"self":[{"href":"https:\/\/todoapulmon-rafaela.com\/index.php\/wp-json\/wp\/v2\/posts\/10372"}],"collection":[{"href":"https:\/\/todoapulmon-rafaela.com\/index.php\/wp-json\/wp\/v2\/posts"}],"about":[{"href":"https:\/\/todoapulmon-rafaela.com\/index.php\/wp-json\/wp\/v2\/types\/post"}],"author":[{"embeddable":true,"href":"https:\/\/todoapulmon-rafaela.com\/index.php\/wp-json\/wp\/v2\/users\/2"}],"replies":[{"embeddable":true,"href":"https:\/\/todoapulmon-rafaela.com\/index.php\/wp-json\/wp\/v2\/comments?post=10372"}],"version-history":[{"count":2,"href":"https:\/\/todoapulmon-rafaela.com\/index.php\/wp-json\/wp\/v2\/posts\/10372\/revisions"}],"predecessor-version":[{"id":10380,"href":"https:\/\/todoapulmon-rafaela.com\/index.php\/wp-json\/wp\/v2\/posts\/10372\/revisions\/10380"}],"wp:featuredmedia":[{"embeddable":true,"href":"https:\/\/todoapulmon-rafaela.com\/index.php\/wp-json\/wp\/v2\/media\/10366"}],"wp:attachment":[{"href":"https:\/\/todoapulmon-rafaela.com\/index.php\/wp-json\/wp\/v2\/media?parent=10372"}],"wp:term":[{"taxonomy":"category","embeddable":true,"href":"https:\/\/todoapulmon-rafaela.com\/index.php\/wp-json\/wp\/v2\/categories?post=10372"},{"taxonomy":"post_tag","embeddable":true,"href":"https:\/\/todoapulmon-rafaela.com\/index.php\/wp-json\/wp\/v2\/tags?post=10372"}],"curies":[{"name":"wp","href":"https:\/\/api.w.org\/{rel}","templated":true}]}}