{"id":10352,"date":"2017-12-01T19:09:38","date_gmt":"2017-12-01T19:09:38","guid":{"rendered":"http:\/\/todoapulmon-rafaela.com\/?p=10352"},"modified":"2017-12-01T19:09:38","modified_gmt":"2017-12-01T19:09:38","slug":"se-juega-el-provincial-de-voley-sub-12","status":"publish","type":"post","link":"https:\/\/todoapulmon-rafaela.com\/index.php\/2017\/12\/01\/se-juega-el-provincial-de-voley-sub-12\/","title":{"rendered":"Se juega el Provincial de voley Sub 12"},"content":{"rendered":"<p>Este s\u00e1bado y domingo se disputar\u00e1 en San Carlos el torneo Interasociaciones Sub 12 de voley, donde en la rama femenina participar\u00e1 la Asociaci\u00f3n Rafaelina \u00abViviana Guntern\u00bb.<\/p>\n<p>El equipo, dirigido por Gustavo Stricker y Rodrigo Di Gregorio, estar\u00e1 integrado por las siguientes jugadoras:\u00a01- Lozano Julieta, 2- Beltramo Brenda ,3-Granchino Mariana, 4-Margaria Milena, 5- Barbero Malvina, 6-Villarroel Valentina, 7-Mesa Milagros, 8- Anrique Katia, 9- Nievas Lucila, 10- Gastaldo Ludmila, 11-Coria Victoria y 12- Melchiori Magal\u00ed.<\/p>\n<p>Nuestro representativo integrar\u00e1 el grupo C junto a AVOS A, ACV A y Santafesina B. El debut ser\u00e1 ante AVOS (Oeste Santafesino) este s\u00e1bado a las 9.<\/p>\n","protected":false},"excerpt":{"rendered":"<p>Este s\u00e1bado y domingo se disputar\u00e1 en San Carlos el torneo Interasociaciones Sub 12 de voley, donde en la rama<\/p>\n","protected":false},"author":2,"featured_media":10354,"comment_status":"open","ping_status":"open","sticky":false,"template":"","format":"standard","meta":{"footnotes":""},"categories":[16],"tags":[],"class_list":["post-10352","post","type-post","status-publish","format-standard","has-post-thumbnail","hentry","category-voley"],"cc_featured_image_caption":{"caption_text":"","source_text":"","source_url":""},"_links":{"self":[{"href":"https:\/\/todoapulmon-rafaela.com\/index.php\/wp-json\/wp\/v2\/posts\/10352"}],"collection":[{"href":"https:\/\/todoapulmon-rafaela.com\/index.php\/wp-json\/wp\/v2\/posts"}],"about":[{"href":"https:\/\/todoapulmon-rafaela.com\/index.php\/wp-json\/wp\/v2\/types\/post"}],"author":[{"embeddable":true,"href":"https:\/\/todoapulmon-rafaela.com\/index.php\/wp-json\/wp\/v2\/users\/2"}],"replies":[{"embeddable":true,"href":"https:\/\/todoapulmon-rafaela.com\/index.php\/wp-json\/wp\/v2\/comments?post=10352"}],"version-history":[{"count":2,"href":"https:\/\/todoapulmon-rafaela.com\/index.php\/wp-json\/wp\/v2\/posts\/10352\/revisions"}],"predecessor-version":[{"id":10355,"href":"https:\/\/todoapulmon-rafaela.com\/index.php\/wp-json\/wp\/v2\/posts\/10352\/revisions\/10355"}],"wp:featuredmedia":[{"embeddable":true,"href":"https:\/\/todoapulmon-rafaela.com\/index.php\/wp-json\/wp\/v2\/media\/10354"}],"wp:attachment":[{"href":"https:\/\/todoapulmon-rafaela.com\/index.php\/wp-json\/wp\/v2\/media?parent=10352"}],"wp:term":[{"taxonomy":"category","embeddable":true,"href":"https:\/\/todoapulmon-rafaela.com\/index.php\/wp-json\/wp\/v2\/categories?post=10352"},{"taxonomy":"post_tag","embeddable":true,"href":"https:\/\/todoapulmon-rafaela.com\/index.php\/wp-json\/wp\/v2\/tags?post=10352"}],"curies":[{"name":"wp","href":"https:\/\/api.w.org\/{rel}","templated":true}]}}