{"id":10328,"date":"2017-11-28T22:44:40","date_gmt":"2017-11-28T22:44:40","guid":{"rendered":"http:\/\/todoapulmon-rafaela.com\/?p=10328"},"modified":"2017-11-28T22:47:06","modified_gmt":"2017-11-28T22:47:06","slug":"ara-mondino-lista-para-el-ansiado-debut-internacional","status":"publish","type":"post","link":"https:\/\/todoapulmon-rafaela.com\/index.php\/2017\/11\/28\/ara-mondino-lista-para-el-ansiado-debut-internacional\/","title":{"rendered":"Ara Mondino, lista para el ansiado debut internacional"},"content":{"rendered":"<p>El 11 de octubre, en el marco de los Juegos Evita 2017 realizados en la ciudad de Mar del Plata, comenzaban a gestarse nuevos sue\u00f1os para una joven rafaelina.<br \/>\nDespu\u00e9s de superar exitosamente las series y semifinales eliminatorias de atletismo, en la prueba de los 80 metros con vallas y siendo la favorita en ganar la prueba, Araceli Mondino no defraud\u00f3 y logrando su mejor registro personal, trajo la \u00fanica medalla dorada en pruebas individuales para la ciudad de Rafaela.<br \/>\nNacida el 22 de abril, con 14 a\u00f1os, acompa\u00f1ada por su mam\u00e1 Silvina Rodr\u00edguez Mes\u00f3n y Cefe Mondino, (su padre y entrenador, adem\u00e1s de ex atleta) y sus hermanos Tom\u00e1s, Alma y los mellis Azul y Federico, la joven que representa al Centro de Educaci\u00f3n F\u00edsica N\u00ba 53,\u00a0 se convert\u00eda en la nueva campeona argentina, con pasaporte directo a la selecci\u00f3n Nacional que competir\u00e1 en el Sudamericano en Bolivia.<br \/>\nHoy, a pocos d\u00edas de concentrar en el CENARD (Centro de alto Rendimiento Deportivos), en la ciudad de Buenos Aires (ser\u00e1 el viernes 1 de diciembre), previo a partir en un vuelo por Aerol\u00edneas Bolivariana el d\u00eda s\u00e1bado 2 a las 15 hs., que tendr\u00e1 como destino Cochabamba, Ara comparte ansiosa la llegada del gran momento, poni\u00e9ndose a punto en lo deportivo y entre saludos, despedidas y aliento de todos sus amigos.<br \/>\nAra, como la conocemos todos, ya aprob\u00f3 todas las materias del Colegio (cursa el segundo a\u00f1o en el San Jos\u00e9) y se va a estrenar su debut internacional, cuya competencia est\u00e1 programada para el d\u00eda jueves 7 a las 9.30 hs en el Estadio de la ciudad de Quillacollo.<br \/>\nUna experiencia invalorable en lo personal, una esperanza y un sue\u00f1o para toda una comunidad que empieza a acompa\u00f1ar a una joven deportista que opt\u00f3 por el esfuerzo, para llevar bien alto el nombre de nuestra querida Argentina.<\/p>\n","protected":false},"excerpt":{"rendered":"<p>El 11 de octubre, en el marco de los Juegos Evita 2017 realizados en la ciudad de Mar del Plata,<\/p>\n","protected":false},"author":2,"featured_media":10331,"comment_status":"open","ping_status":"open","sticky":false,"template":"","format":"standard","meta":{"footnotes":""},"categories":[7,24],"tags":[],"class_list":["post-10328","post","type-post","status-publish","format-standard","has-post-thumbnail","hentry","category-atletismo","category-noticias-destacadas"],"cc_featured_image_caption":{"caption_text":"Araceli Mondino va con las mejores expectativas al Sudamericano, luego de un gran a\u00f1o en torneos nacionales de su categor\u00eda.","source_text":"","source_url":""},"_links":{"self":[{"href":"https:\/\/todoapulmon-rafaela.com\/index.php\/wp-json\/wp\/v2\/posts\/10328"}],"collection":[{"href":"https:\/\/todoapulmon-rafaela.com\/index.php\/wp-json\/wp\/v2\/posts"}],"about":[{"href":"https:\/\/todoapulmon-rafaela.com\/index.php\/wp-json\/wp\/v2\/types\/post"}],"author":[{"embeddable":true,"href":"https:\/\/todoapulmon-rafaela.com\/index.php\/wp-json\/wp\/v2\/users\/2"}],"replies":[{"embeddable":true,"href":"https:\/\/todoapulmon-rafaela.com\/index.php\/wp-json\/wp\/v2\/comments?post=10328"}],"version-history":[{"count":1,"href":"https:\/\/todoapulmon-rafaela.com\/index.php\/wp-json\/wp\/v2\/posts\/10328\/revisions"}],"predecessor-version":[{"id":10330,"href":"https:\/\/todoapulmon-rafaela.com\/index.php\/wp-json\/wp\/v2\/posts\/10328\/revisions\/10330"}],"wp:featuredmedia":[{"embeddable":true,"href":"https:\/\/todoapulmon-rafaela.com\/index.php\/wp-json\/wp\/v2\/media\/10331"}],"wp:attachment":[{"href":"https:\/\/todoapulmon-rafaela.com\/index.php\/wp-json\/wp\/v2\/media?parent=10328"}],"wp:term":[{"taxonomy":"category","embeddable":true,"href":"https:\/\/todoapulmon-rafaela.com\/index.php\/wp-json\/wp\/v2\/categories?post=10328"},{"taxonomy":"post_tag","embeddable":true,"href":"https:\/\/todoapulmon-rafaela.com\/index.php\/wp-json\/wp\/v2\/tags?post=10328"}],"curies":[{"name":"wp","href":"https:\/\/api.w.org\/{rel}","templated":true}]}}