{"id":10316,"date":"2017-11-28T13:36:01","date_gmt":"2017-11-28T13:36:01","guid":{"rendered":"http:\/\/todoapulmon-rafaela.com\/?p=10316"},"modified":"2017-11-28T13:36:01","modified_gmt":"2017-11-28T13:36:01","slug":"9-de-julio-fue-campeon-del-torneo-u16-chichin-bergesio-2","status":"publish","type":"post","link":"https:\/\/todoapulmon-rafaela.com\/index.php\/2017\/11\/28\/9-de-julio-fue-campeon-del-torneo-u16-chichin-bergesio-2\/","title":{"rendered":"9 de Julio fue campe\u00f3n del torneo U16 \u00abChich\u00edn Bergesio\u00bb"},"content":{"rendered":"<div>Durante el fin de semana se disput\u00f3 la segunda edici\u00f3n del Torneo N\u00e9stor \u00abChich\u00edn\u00bb Bergesio, destinado a la categor\u00eda U16 y organizado por el Club Atl\u00e9tico Argentino Quilmes. Tanto la etapa clasificatoria como las distintas Copas se disputaron en el Gimnasio El\u00edas David, siendo nueve los equipos participantes.<\/div>\n<div>9 de Julio, dirigido por Diego Ravasio, fue el campe\u00f3n al derrotar en la final de la Copa de Oro a Independiente \u00abB\u00bb por 60 a 34. El segundo lugar fue para el CAI, mientras que Sportivo Villa Minetti finaliz\u00f3 en el tercer lugar. Los resultados de los dos d\u00edas fueron los siguientes:<\/div>\n<div><\/div>\n<div><b>Etapa clasificatoria<\/b><\/div>\n<div><\/div>\n<div><b>&#8211; Zona 1:<\/b>\u00a0Quilmes 55 &#8211; Pe\u00f1arol 28; Villa Minetti 64 &#8211; Pe\u00f1arol 42 y Villa Minetti 55 &#8211; Quilmes 38.<\/div>\n<div><b>&#8211; Zona 2:<\/b>\u00a09 de Julio 46 &#8211; Sportivo Suardi 31; 9 de Julio 42 &#8211; Independiente \u00abA\u00bb 31 e Independiente \u00abA\u00bb 32 &#8211; Sportivo Suardi 52.<\/div>\n<div><b>&#8211; Zona 3:<\/b>\u00a0Independiente \u00abB\u00bb 65 &#8211; Sportivo Ben Hur 31; Atl\u00e9tico de Rafaela 28 &#8211; Independiente \u00abB\u00bb 50 y Sportivo Ben Hur 21 &#8211; Atl\u00e9tico 60.<\/div>\n<div><\/div>\n<div><b>Etapa definitoria<\/b><\/div>\n<div><b>\u00a0<\/b><\/div>\n<div><b>Copa de Oro:<\/b>\u00a09 de Julio 35 &#8211; Sportivo Villa Minetti 24; Independiente \u00abB\u00bb 49 &#8211; Villa Minetti 43 y 9 de Julio 60 &#8211; Independiente \u00abB\u00bb 34.\u00a0 Posiciones: 1\u00ba) 9 de Julio; 2\u00ba) Independiente \u00abB\u00bb y 3\u00ba) Sportivo Villa Minetti.<\/div>\n<div><b>Copa de Plata:<\/b>\u00a0Quilmes 35 &#8211; Sportivo Suardi 71; Quilmes 54 &#8211; Atl\u00e9tico de Rafaela 61 y Atl\u00e9tico de Rafaela 34 &#8211; Sportivo Suardi 58. Posiciones: 1\u00ba) Sportivo Suardi; 2\u00ba) Atl\u00e9tico de Rafaela y 3\u00ba) Argentino Quilmes.<\/div>\n<div><b>Copa de Bronce:\u00a0<\/b>Pe\u00f1arol 40 &#8211; Sportivo Ben Hur 41; Independiente \u00abA\u00bb 61 &#8211; Sportivo Ben Hur 32 y Pe\u00f1arol 32 &#8211; Independiente \u00abA\u00bb 37. Posiciones: 1\u00ba) Independiente \u00abA\u00bb; 2\u00ba) Sportivo Ben Hur y 3\u00ba) Pe\u00f1arol.<\/div>\n<div>El goleador del torneo fue Jer\u00f3nimo Fagnola, mientras que el jugador m\u00e1s valioso de la final fue Mateo Gim\u00e9nez de 9 de Julio, autor de 14 puntos.<\/div>\n<div>\n<figure id=\"attachment_10313\" aria-describedby=\"caption-attachment-10313\" style=\"width: 300px\" class=\"wp-caption alignnone\"><img loading=\"lazy\" decoding=\"async\" class=\"size-medium wp-image-10313\" src=\"http:\/\/todoapulmon-rafaela.com\/wp-content\/uploads\/2017\/11\/Torneo-Bergesio-Hessel-300x225.jpg\" alt=\"Francisco Hessel, capit\u00e1n, recibiendo el trofeo de Enrique y Alejandro Bergesio.\" width=\"300\" height=\"225\" srcset=\"https:\/\/todoapulmon-rafaela.com\/wp-content\/uploads\/2017\/11\/Torneo-Bergesio-Hessel-300x225.jpg 300w, https:\/\/todoapulmon-rafaela.com\/wp-content\/uploads\/2017\/11\/Torneo-Bergesio-Hessel-768x576.jpg 768w, https:\/\/todoapulmon-rafaela.com\/wp-content\/uploads\/2017\/11\/Torneo-Bergesio-Hessel-1024x768.jpg 1024w, https:\/\/todoapulmon-rafaela.com\/wp-content\/uploads\/2017\/11\/Torneo-Bergesio-Hessel.jpg 1152w\" sizes=\"(max-width: 300px) 100vw, 300px\" \/><figcaption id=\"caption-attachment-10313\" class=\"wp-caption-text\">Francisco Hessel, capit\u00e1n, recibiendo el trofeo de Enrique y Alejandro Bergesio.<\/figcaption><\/figure>\n<figure id=\"attachment_10314\" aria-describedby=\"caption-attachment-10314\" style=\"width: 300px\" class=\"wp-caption alignnone\"><img loading=\"lazy\" decoding=\"async\" class=\"size-medium wp-image-10314\" src=\"http:\/\/todoapulmon-rafaela.com\/wp-content\/uploads\/2017\/11\/Torneo-Bergesio-cai-300x225.jpg\" alt=\"Independiente fue subcampe\u00f3n.\" width=\"300\" height=\"225\" srcset=\"https:\/\/todoapulmon-rafaela.com\/wp-content\/uploads\/2017\/11\/Torneo-Bergesio-cai-300x225.jpg 300w, https:\/\/todoapulmon-rafaela.com\/wp-content\/uploads\/2017\/11\/Torneo-Bergesio-cai-768x576.jpg 768w, https:\/\/todoapulmon-rafaela.com\/wp-content\/uploads\/2017\/11\/Torneo-Bergesio-cai-1024x768.jpg 1024w, https:\/\/todoapulmon-rafaela.com\/wp-content\/uploads\/2017\/11\/Torneo-Bergesio-cai.jpg 1152w\" sizes=\"(max-width: 300px) 100vw, 300px\" \/><figcaption id=\"caption-attachment-10314\" class=\"wp-caption-text\">Independiente fue subcampe\u00f3n.<\/figcaption><\/figure>\n<\/div>\n","protected":false},"excerpt":{"rendered":"<p>Durante el fin de semana se disput\u00f3 la segunda edici\u00f3n del Torneo N\u00e9stor \u00abChich\u00edn\u00bb Bergesio, destinado a la categor\u00eda U16<\/p>\n","protected":false},"author":2,"featured_media":10312,"comment_status":"open","ping_status":"open","sticky":false,"template":"","format":"standard","meta":{"footnotes":""},"categories":[5],"tags":[],"class_list":["post-10316","post","type-post","status-publish","format-standard","has-post-thumbnail","hentry","category-basquet"],"cc_featured_image_caption":{"caption_text":"Los chicos julienses celebraron el t\u00edtulo en el torneo de Quilmes. (Foto prensa Club Argentino Quilmes).","source_text":"","source_url":""},"_links":{"self":[{"href":"https:\/\/todoapulmon-rafaela.com\/index.php\/wp-json\/wp\/v2\/posts\/10316"}],"collection":[{"href":"https:\/\/todoapulmon-rafaela.com\/index.php\/wp-json\/wp\/v2\/posts"}],"about":[{"href":"https:\/\/todoapulmon-rafaela.com\/index.php\/wp-json\/wp\/v2\/types\/post"}],"author":[{"embeddable":true,"href":"https:\/\/todoapulmon-rafaela.com\/index.php\/wp-json\/wp\/v2\/users\/2"}],"replies":[{"embeddable":true,"href":"https:\/\/todoapulmon-rafaela.com\/index.php\/wp-json\/wp\/v2\/comments?post=10316"}],"version-history":[{"count":1,"href":"https:\/\/todoapulmon-rafaela.com\/index.php\/wp-json\/wp\/v2\/posts\/10316\/revisions"}],"predecessor-version":[{"id":10317,"href":"https:\/\/todoapulmon-rafaela.com\/index.php\/wp-json\/wp\/v2\/posts\/10316\/revisions\/10317"}],"wp:featuredmedia":[{"embeddable":true,"href":"https:\/\/todoapulmon-rafaela.com\/index.php\/wp-json\/wp\/v2\/media\/10312"}],"wp:attachment":[{"href":"https:\/\/todoapulmon-rafaela.com\/index.php\/wp-json\/wp\/v2\/media?parent=10316"}],"wp:term":[{"taxonomy":"category","embeddable":true,"href":"https:\/\/todoapulmon-rafaela.com\/index.php\/wp-json\/wp\/v2\/categories?post=10316"},{"taxonomy":"post_tag","embeddable":true,"href":"https:\/\/todoapulmon-rafaela.com\/index.php\/wp-json\/wp\/v2\/tags?post=10316"}],"curies":[{"name":"wp","href":"https:\/\/api.w.org\/{rel}","templated":true}]}}