{"id":10303,"date":"2017-11-28T12:40:16","date_gmt":"2017-11-28T12:40:16","guid":{"rendered":"http:\/\/todoapulmon-rafaela.com\/?p=10303"},"modified":"2017-11-28T12:40:16","modified_gmt":"2017-11-28T12:40:16","slug":"omar-torres-estara-en-el-ironman-de-mar-del-plata","status":"publish","type":"post","link":"https:\/\/todoapulmon-rafaela.com\/index.php\/2017\/11\/28\/omar-torres-estara-en-el-ironman-de-mar-del-plata\/","title":{"rendered":"Omar Torres estar\u00e1 en el Ironman de Mar del Plata"},"content":{"rendered":"<p>En la ciudad de Mar del Plata se desarrollar\u00e1 el pr\u00f3ximo domingo el primer Ironman distancia full en nuestro pa\u00eds. En la cuenta regresiva para esta competencia, dialogamos ayer en Todo a Pulm\u00f3n radio con Omar Torres, quien estar\u00e1 representando a nuestra ciudad. El impulsor del triatl\u00f3n en Rafaela confirm\u00f3 su participaci\u00f3n pese a una lesi\u00f3n que complic\u00f3 su preparaci\u00f3n.<\/p>\n<p>\u00abLa verdad que despu\u00e9s de Florian\u00f3polis empec\u00e9 con una molestia en la rodilla. Tengo una lesi\u00f3n de cart\u00edlago que me hizo dudar bastante si me iba a presentar. Estuve pr\u00e1cticamente parado 60 d\u00edas, luego el dolor merm\u00f3 bastante y empec\u00e9 a entrenar un poco de pedestrismo hace dos meses. Ver\u00e9 el domingo si la decisi\u00f3n de presentarme fue la correcta. Es un poco una inc\u00f3gnita\u00bb, describi\u00f3 Torres sus sensaciones.<\/p>\n<p>En un tramo de la nota, Omar apunt\u00f3 que \u00abcomo m\u00e9dico no hubiera aconsejado con esta lesi\u00f3n correr a nadie, pero nosotros decimos hay que hacer lo que uno dice y no lo que hace. El hecho de estar inscripto desde hace bastante tiempo y que es la primera competencia de distancia Ironman full en el pa\u00eds, hizo que me decidiera a correr\u00bb.<\/p>\n<p>Con estos atenuantes l\u00f3gicos, su aspiraci\u00f3n pasa \u00fanicamente por cruzar la meta. \u00abEl objetivo es tratar de terminarlo, esa es la expectativa primordial. Despu\u00e9s, todo lo que venga por encima de eso ser\u00e1 bienvenido, pero arribar antes de las 17 horas estipuladas y colgarme la medalla ser\u00eda lo m\u00e1ximo\u00bb.<\/p>\n<p>Este es el audio de la nota:<\/p>\n<!--[if lt IE 9]><script>document.createElement('audio');<\/script><![endif]-->\n<audio class=\"wp-audio-shortcode\" id=\"audio-10303-1\" preload=\"none\" style=\"width: 100%;\" controls=\"controls\"><source type=\"audio\/mpeg\" src=\"http:\/\/todoapulmon-rafaela.com\/wp-content\/uploads\/2017\/11\/27-11-17-OMAR-TORRES.mp3?_=1\" \/><a href=\"http:\/\/todoapulmon-rafaela.com\/wp-content\/uploads\/2017\/11\/27-11-17-OMAR-TORRES.mp3\">http:\/\/todoapulmon-rafaela.com\/wp-content\/uploads\/2017\/11\/27-11-17-OMAR-TORRES.mp3<\/a><\/audio>\n<p>&nbsp;<\/p>\n","protected":false},"excerpt":{"rendered":"<p>En la ciudad de Mar del Plata se desarrollar\u00e1 el pr\u00f3ximo domingo el primer Ironman distancia full en nuestro pa\u00eds.<\/p>\n","protected":false},"author":2,"featured_media":10304,"comment_status":"open","ping_status":"open","sticky":false,"template":"","format":"standard","meta":{"footnotes":""},"categories":[24,28],"tags":[],"class_list":["post-10303","post","type-post","status-publish","format-standard","has-post-thumbnail","hentry","category-noticias-destacadas","category-triatlon"],"cc_featured_image_caption":{"caption_text":"Omar Torres asumir\u00e1 un nuevo desaf\u00edo pese a no haber podido tener la preparaci\u00f3n esperada.","source_text":"","source_url":""},"_links":{"self":[{"href":"https:\/\/todoapulmon-rafaela.com\/index.php\/wp-json\/wp\/v2\/posts\/10303"}],"collection":[{"href":"https:\/\/todoapulmon-rafaela.com\/index.php\/wp-json\/wp\/v2\/posts"}],"about":[{"href":"https:\/\/todoapulmon-rafaela.com\/index.php\/wp-json\/wp\/v2\/types\/post"}],"author":[{"embeddable":true,"href":"https:\/\/todoapulmon-rafaela.com\/index.php\/wp-json\/wp\/v2\/users\/2"}],"replies":[{"embeddable":true,"href":"https:\/\/todoapulmon-rafaela.com\/index.php\/wp-json\/wp\/v2\/comments?post=10303"}],"version-history":[{"count":1,"href":"https:\/\/todoapulmon-rafaela.com\/index.php\/wp-json\/wp\/v2\/posts\/10303\/revisions"}],"predecessor-version":[{"id":10306,"href":"https:\/\/todoapulmon-rafaela.com\/index.php\/wp-json\/wp\/v2\/posts\/10303\/revisions\/10306"}],"wp:featuredmedia":[{"embeddable":true,"href":"https:\/\/todoapulmon-rafaela.com\/index.php\/wp-json\/wp\/v2\/media\/10304"}],"wp:attachment":[{"href":"https:\/\/todoapulmon-rafaela.com\/index.php\/wp-json\/wp\/v2\/media?parent=10303"}],"wp:term":[{"taxonomy":"category","embeddable":true,"href":"https:\/\/todoapulmon-rafaela.com\/index.php\/wp-json\/wp\/v2\/categories?post=10303"},{"taxonomy":"post_tag","embeddable":true,"href":"https:\/\/todoapulmon-rafaela.com\/index.php\/wp-json\/wp\/v2\/tags?post=10303"}],"curies":[{"name":"wp","href":"https:\/\/api.w.org\/{rel}","templated":true}]}}