{"id":10237,"date":"2017-11-24T20:48:19","date_gmt":"2017-11-24T20:48:19","guid":{"rendered":"http:\/\/todoapulmon-rafaela.com\/?p=10237"},"modified":"2017-11-24T20:52:40","modified_gmt":"2017-11-24T20:52:40","slug":"peretti-y-bainotti-en-el-70-3-de-punta-del-este","status":"publish","type":"post","link":"https:\/\/todoapulmon-rafaela.com\/index.php\/2017\/11\/24\/peretti-y-bainotti-en-el-70-3-de-punta-del-este\/","title":{"rendered":"Peretti y Bainotti en el 70.3 de Punta del Este"},"content":{"rendered":"<p>Los rafaelinos Sergio Peretti y Pablo Bainotti tomar\u00e1n parte este domingo 26 de noviembre del Tria 70.3 de Punta del Este, que otorgar\u00e1 30 plazas para el Mundial de Triatl\u00f3n 2018.<\/p>\n<p>Los representantes del Tria Training Group estar\u00e1n entre los m\u00e1s\u00a0de 1.000\u00a0participantes\u00a0de 23 nacionalidades que competir\u00e1n, siendo en su mayor\u00eda de Argentina, Uruguay y Brasil.<\/p>\n<p>La disciplina de nataci\u00f3n ser\u00e1 frente al\u00a0hotel\u00a0Enjoy. Los participantes nadar\u00e1n 1,9 km hacia la zona portuaria. A continuaci\u00f3n los atletas har\u00e1n dos de ciclismo, donde recorrer\u00e1n 90 km desde la Parada 3 hasta La Capuera.<\/p>\n<p>Para culminar la\u00a0carrera, los deportistas saldr\u00e1n nuevamente desde la Parada 3, donde dejar\u00e1n la bicicleta, y correr\u00e1n 21 km utilizando la rambla circunvalaci\u00f3n para llegar hasta los Dedos en una ida y vuelta a la llegada ubicada en Rambla Mansa y Calle 30.<\/p>\n","protected":false},"excerpt":{"rendered":"<p>Los rafaelinos Sergio Peretti y Pablo Bainotti tomar\u00e1n parte este domingo 26 de noviembre del Tria 70.3 de Punta del<\/p>\n","protected":false},"author":2,"featured_media":10241,"comment_status":"open","ping_status":"open","sticky":false,"template":"","format":"standard","meta":{"footnotes":""},"categories":[24,28],"tags":[],"class_list":["post-10237","post","type-post","status-publish","format-standard","has-post-thumbnail","hentry","category-noticias-destacadas","category-triatlon"],"cc_featured_image_caption":{"caption_text":"Pablo Bainotti y Sergio Peretti intentar\u00e1n repetir la buena actuaci\u00f3n del a\u00f1o pasado.","source_text":"","source_url":""},"_links":{"self":[{"href":"https:\/\/todoapulmon-rafaela.com\/index.php\/wp-json\/wp\/v2\/posts\/10237"}],"collection":[{"href":"https:\/\/todoapulmon-rafaela.com\/index.php\/wp-json\/wp\/v2\/posts"}],"about":[{"href":"https:\/\/todoapulmon-rafaela.com\/index.php\/wp-json\/wp\/v2\/types\/post"}],"author":[{"embeddable":true,"href":"https:\/\/todoapulmon-rafaela.com\/index.php\/wp-json\/wp\/v2\/users\/2"}],"replies":[{"embeddable":true,"href":"https:\/\/todoapulmon-rafaela.com\/index.php\/wp-json\/wp\/v2\/comments?post=10237"}],"version-history":[{"count":2,"href":"https:\/\/todoapulmon-rafaela.com\/index.php\/wp-json\/wp\/v2\/posts\/10237\/revisions"}],"predecessor-version":[{"id":10240,"href":"https:\/\/todoapulmon-rafaela.com\/index.php\/wp-json\/wp\/v2\/posts\/10237\/revisions\/10240"}],"wp:featuredmedia":[{"embeddable":true,"href":"https:\/\/todoapulmon-rafaela.com\/index.php\/wp-json\/wp\/v2\/media\/10241"}],"wp:attachment":[{"href":"https:\/\/todoapulmon-rafaela.com\/index.php\/wp-json\/wp\/v2\/media?parent=10237"}],"wp:term":[{"taxonomy":"category","embeddable":true,"href":"https:\/\/todoapulmon-rafaela.com\/index.php\/wp-json\/wp\/v2\/categories?post=10237"},{"taxonomy":"post_tag","embeddable":true,"href":"https:\/\/todoapulmon-rafaela.com\/index.php\/wp-json\/wp\/v2\/tags?post=10237"}],"curies":[{"name":"wp","href":"https:\/\/api.w.org\/{rel}","templated":true}]}}