{"id":10124,"date":"2017-11-17T13:33:19","date_gmt":"2017-11-17T13:33:19","guid":{"rendered":"http:\/\/todoapulmon-rafaela.com\/?p=10124"},"modified":"2017-11-17T13:33:19","modified_gmt":"2017-11-17T13:33:19","slug":"sensaciones-luego-de-vivir-una-fiesta-en-nueva-york","status":"publish","type":"post","link":"https:\/\/todoapulmon-rafaela.com\/index.php\/2017\/11\/17\/sensaciones-luego-de-vivir-una-fiesta-en-nueva-york\/","title":{"rendered":"Sensaciones luego de vivir una fiesta en Nueva York"},"content":{"rendered":"<p>Luego de haber disfrutado ser protagonistas entre los 52.000 participantes del Marat\u00f3n de Nueva York el pasado 5 de noviembre, tres integrantes, de los diez del grupo Wayra que estuvieron en la prestigiosa competencia, nos visitaron este jueves en Todo a Pulm\u00f3n radio, en FM Unirred.<\/p>\n<p>Paula Colombero, Luc\u00eda Mognaschi y Mar\u00eda Jos\u00e9 Beninca, junto al profesor Ariel Torres, contaron sus sensaciones.<\/p>\n<p>\u00abMe sent\u00ed feliz, lo disfrut\u00e9 much\u00edsimo, el a\u00f1o pasado tambi\u00e9n. Fue muy emocionante, siempre volver\u00eda, fue maravilloso compartir toda la previa, los eventos que organiza la Asociaci\u00f3n all\u00e1. Ellos lo toman como una fiesta, hay familias, chicos con carteles. Es muy lindo\u00bb, expres\u00f3 Paula.<\/p>\n<p>En tanto, Luc\u00eda mencion\u00f3 que \u00abcon Pechi somos debutantes en los 42 as\u00ed que fue una experiencia totalmente nueva para nosotras. Estuvimos entrenando durante 14 semanas, o un poco mas porque ya antes empezamos a prepararnos sicol\u00f3gicamente para hacer esta distancia por primera vez. Fueron muchas horas dedicadas a esto, un gran esfuerzo, fue muy bueno compartirla porque siempre entrenamos juntas y corrimos juntas a la par. Fue una carrera hermos\u00edsima, casi dos millones de personas alentando durante todo el recorrido.Y lo mejor que se comparti\u00f3 en grupo\u00bb.<\/p>\n<p>En tanto, Mar\u00eda Jos\u00e9 destac\u00f3 sobre la situaci\u00f3n generada por el atentado de los d\u00edas previos en esa ciudad -que cost\u00f3 la vida de cinco argentinos- que \u00abla verdad que fue muy emotivo, previo a la carrera mucha gente cuando nos escuchaba hablar dec\u00edan que sent\u00edan todo lo que hab\u00eda pasado. Asi surgi\u00f3 el tema de correr con una cinta negra en homenaje a estas personas y durante todo el recorrido se escuchaba el &#8216;Argentina, Argentina&#8217;. Se sinti\u00f3 mucho el apoyo de ellos para con nosotros y a lo largo de los 42 km es una fiesta de la gente que acompa\u00f1a\u00bb.<\/p>\n<p>En tanto, Ariel se mostr\u00f3 contento porque \u00abtanto las chicas como el grupo llegaron bien, sin lesiones. Ve\u00eda en lo previo y despu\u00e9s que estaban contentas y el resto del grupo lo mismo. Hab\u00edamos entrenado para esto y estaban bien de la cabeza\u00bb.<\/p>\n<p>Este es el audio de la nota:<\/p>\n<!--[if lt IE 9]><script>document.createElement('audio');<\/script><![endif]-->\n<audio class=\"wp-audio-shortcode\" id=\"audio-10124-1\" preload=\"none\" style=\"width: 100%;\" controls=\"controls\"><source type=\"audio\/mpeg\" src=\"http:\/\/todoapulmon-rafaela.com\/wp-content\/uploads\/2017\/11\/16-11-17-LUCIA-PECHI-ARIEL-PAULA-2.mp3?_=1\" \/><a href=\"http:\/\/todoapulmon-rafaela.com\/wp-content\/uploads\/2017\/11\/16-11-17-LUCIA-PECHI-ARIEL-PAULA-2.mp3\">http:\/\/todoapulmon-rafaela.com\/wp-content\/uploads\/2017\/11\/16-11-17-LUCIA-PECHI-ARIEL-PAULA-2.mp3<\/a><\/audio>\n<p>&nbsp;<\/p>\n<p>&nbsp;<\/p>\n<p>&nbsp;<\/p>\n<p>&nbsp;<\/p>\n<p>&nbsp;<\/p>\n<p>&nbsp;<\/p>\n","protected":false},"excerpt":{"rendered":"<p>Luego de haber disfrutado ser protagonistas entre los 52.000 participantes del Marat\u00f3n de Nueva York el pasado 5 de noviembre,<\/p>\n","protected":false},"author":2,"featured_media":10125,"comment_status":"open","ping_status":"open","sticky":false,"template":"","format":"standard","meta":{"footnotes":""},"categories":[7,24],"tags":[],"class_list":["post-10124","post","type-post","status-publish","format-standard","has-post-thumbnail","hentry","category-atletismo","category-noticias-destacadas"],"cc_featured_image_caption":{"caption_text":"Luc\u00eda Mognaschi, Mar\u00eda Jos\u00e9 Beninca, Ariel Torres y Paula Colombero estuvieron en Todo a Pulm\u00f3n radio.","source_text":"","source_url":""},"_links":{"self":[{"href":"https:\/\/todoapulmon-rafaela.com\/index.php\/wp-json\/wp\/v2\/posts\/10124"}],"collection":[{"href":"https:\/\/todoapulmon-rafaela.com\/index.php\/wp-json\/wp\/v2\/posts"}],"about":[{"href":"https:\/\/todoapulmon-rafaela.com\/index.php\/wp-json\/wp\/v2\/types\/post"}],"author":[{"embeddable":true,"href":"https:\/\/todoapulmon-rafaela.com\/index.php\/wp-json\/wp\/v2\/users\/2"}],"replies":[{"embeddable":true,"href":"https:\/\/todoapulmon-rafaela.com\/index.php\/wp-json\/wp\/v2\/comments?post=10124"}],"version-history":[{"count":2,"href":"https:\/\/todoapulmon-rafaela.com\/index.php\/wp-json\/wp\/v2\/posts\/10124\/revisions"}],"predecessor-version":[{"id":10130,"href":"https:\/\/todoapulmon-rafaela.com\/index.php\/wp-json\/wp\/v2\/posts\/10124\/revisions\/10130"}],"wp:featuredmedia":[{"embeddable":true,"href":"https:\/\/todoapulmon-rafaela.com\/index.php\/wp-json\/wp\/v2\/media\/10125"}],"wp:attachment":[{"href":"https:\/\/todoapulmon-rafaela.com\/index.php\/wp-json\/wp\/v2\/media?parent=10124"}],"wp:term":[{"taxonomy":"category","embeddable":true,"href":"https:\/\/todoapulmon-rafaela.com\/index.php\/wp-json\/wp\/v2\/categories?post=10124"},{"taxonomy":"post_tag","embeddable":true,"href":"https:\/\/todoapulmon-rafaela.com\/index.php\/wp-json\/wp\/v2\/tags?post=10124"}],"curies":[{"name":"wp","href":"https:\/\/api.w.org\/{rel}","templated":true}]}}