{"id":10113,"date":"2017-11-17T02:42:21","date_gmt":"2017-11-17T02:42:21","guid":{"rendered":"http:\/\/todoapulmon-rafaela.com\/?p=10113"},"modified":"2017-11-17T02:43:40","modified_gmt":"2017-11-17T02:43:40","slug":"atletas-rafaelinos-en-el-nacional-u16","status":"publish","type":"post","link":"https:\/\/todoapulmon-rafaela.com\/index.php\/2017\/11\/17\/atletas-rafaelinos-en-el-nacional-u16\/","title":{"rendered":"Atletas locales en el Nacional U16"},"content":{"rendered":"<p>Este fin de semana, s\u00e1bado y domingo, se desarrollar\u00e1 en la pista del CENARD, en Buenos Aires, el campeonato Argentino U16. Del mismo participar\u00e1n siete atletas de nuestro medio, representando a la provincia de Santa Fe.<\/p>\n<p>Del CRAS,\u00a0Federica Bogado, entrenada por Ariel Magallanes, intervendr\u00e1 en en salto triple y 80 metros con vallas; mientras que del grupo a cargo de Leandro Bonamino estar\u00e1n\u00a0Valent\u00edn Menossi en disco y martillo;\u00a0Lucas Su\u00e1rez (oriundo de Tacural) en octatlon; Valentina Aballay en 80 metros, 200 metros llanos y salto en largo; y Agustin Martinez en salto triple, largo y 80 llanos.<\/p>\n<p>Del CEF 53, entrenadas por Ceferino Mondino, participar\u00e1n\u00a0Araceli Mondino, que lo har\u00e1 en 80 metros con vallas, y Brisa Cortesini en 80 metros llanos y salto en largo.<\/p>\n<p>&nbsp;<\/p>\n","protected":false},"excerpt":{"rendered":"<p>Este fin de semana, s\u00e1bado y domingo, se desarrollar\u00e1 en la pista del CENARD, en Buenos Aires, el campeonato Argentino<\/p>\n","protected":false},"author":2,"featured_media":10114,"comment_status":"open","ping_status":"open","sticky":false,"template":"","format":"standard","meta":{"footnotes":""},"categories":[7,24],"tags":[],"class_list":["post-10113","post","type-post","status-publish","format-standard","has-post-thumbnail","hentry","category-atletismo","category-noticias-destacadas"],"cc_featured_image_caption":{"caption_text":"Lucas Su\u00e1rez y Valentina Aballay, junto al entrenador Leandro Bonamino, ser\u00e1n dos de los atletas en el Nacional.","source_text":"","source_url":""},"_links":{"self":[{"href":"https:\/\/todoapulmon-rafaela.com\/index.php\/wp-json\/wp\/v2\/posts\/10113"}],"collection":[{"href":"https:\/\/todoapulmon-rafaela.com\/index.php\/wp-json\/wp\/v2\/posts"}],"about":[{"href":"https:\/\/todoapulmon-rafaela.com\/index.php\/wp-json\/wp\/v2\/types\/post"}],"author":[{"embeddable":true,"href":"https:\/\/todoapulmon-rafaela.com\/index.php\/wp-json\/wp\/v2\/users\/2"}],"replies":[{"embeddable":true,"href":"https:\/\/todoapulmon-rafaela.com\/index.php\/wp-json\/wp\/v2\/comments?post=10113"}],"version-history":[{"count":3,"href":"https:\/\/todoapulmon-rafaela.com\/index.php\/wp-json\/wp\/v2\/posts\/10113\/revisions"}],"predecessor-version":[{"id":10117,"href":"https:\/\/todoapulmon-rafaela.com\/index.php\/wp-json\/wp\/v2\/posts\/10113\/revisions\/10117"}],"wp:featuredmedia":[{"embeddable":true,"href":"https:\/\/todoapulmon-rafaela.com\/index.php\/wp-json\/wp\/v2\/media\/10114"}],"wp:attachment":[{"href":"https:\/\/todoapulmon-rafaela.com\/index.php\/wp-json\/wp\/v2\/media?parent=10113"}],"wp:term":[{"taxonomy":"category","embeddable":true,"href":"https:\/\/todoapulmon-rafaela.com\/index.php\/wp-json\/wp\/v2\/categories?post=10113"},{"taxonomy":"post_tag","embeddable":true,"href":"https:\/\/todoapulmon-rafaela.com\/index.php\/wp-json\/wp\/v2\/tags?post=10113"}],"curies":[{"name":"wp","href":"https:\/\/api.w.org\/{rel}","templated":true}]}}