{"id":10099,"date":"2017-11-15T23:50:22","date_gmt":"2017-11-15T23:50:22","guid":{"rendered":"http:\/\/todoapulmon-rafaela.com\/?p=10099"},"modified":"2017-11-15T23:55:43","modified_gmt":"2017-11-15T23:55:43","slug":"german-lelli-se-radica-en-brasil-para-hacerse-profesional","status":"publish","type":"post","link":"https:\/\/todoapulmon-rafaela.com\/index.php\/2017\/11\/15\/german-lelli-se-radica-en-brasil-para-hacerse-profesional\/","title":{"rendered":"Germ\u00e1n Lelli se radica en Brasil para hacerse profesional"},"content":{"rendered":"<p>El viernes estar\u00e1 viajando hacia Brasil el taekwondista rafaelino Germ\u00e1n Lelli. En el vecino pa\u00eds le espera un nueva posibilidad de seguir haciendo lo que le gusta, y desde el plano profesional, lo cual es una muy buena noticia.<\/p>\n<p>\u201cTengo la oportunidad de irme a vivir a Brasil, contar con un manager que me va a publicitar. La alegr\u00eda es grande porque voy a ir con la expectativa de dedicarme a lo que yo hago, el taekwondo y artes marciales, lo que siempre esper\u00e9\u201d, nos cont\u00f3 en Todo a Pulm\u00f3n radio, por FM Unirred.<\/p>\n<p>En cuanto a las distintas opciones de artes marciales, destac\u00f3 que \u201cvoy a seguir con el taekwondo, y me voy a especializar en el jiu jitsu brasilero y las MMA. El taekwondo no lo quiero dejar porque es lo que hice siempre. La idea es hacerme profesional y quiero aprovechar esta oportunidad\u201d.<\/p>\n<p>Sobre el contacto que permiti\u00f3 la cristalizaci\u00f3n de esta chance deportiva, cont\u00f3 que \u201cDaniel Fiordelli, un amigo de mi abuelo, vive en Porto Alegre donde le ha ido bien en la parte comercial. Gracias a \u00e9l se puede dar, me va a ayudar contact\u00e1ndome con gente del medio de las artes marciales. Despu\u00e9s habr\u00e1 que darle para adelante, en Rafaela hay competidores de elite, pero lamentablemente no hay mucho apoyo\u201d.<\/p>\n<p>En cuanto a su momento actual, manifest\u00f3 que \u201chab\u00eda parado porque tuve una lesi\u00f3n en la pierna derecha, porque estaba combatiendo con mucha frecuencia y decid\u00ed hacer un parate para no agravarla\u201d.<\/p>\n<p>Se\u00f1al\u00f3 finalmente que \u201ccuando llegue all\u00e1 voy a empezar a entrenar. Quiero tomarme un a\u00f1o entero de entrenamiento y mientras tanto ir compitiendo, en taekwondo y jiu jitsu, y cuando est\u00e9 mas preparado arrancar en la jaula\u201d.<\/p>\n<p>Este es el audio de la nota:<\/p>\n<!--[if lt IE 9]><script>document.createElement('audio');<\/script><![endif]-->\n<audio class=\"wp-audio-shortcode\" id=\"audio-10099-1\" preload=\"none\" style=\"width: 100%;\" controls=\"controls\"><source type=\"audio\/mpeg\" src=\"http:\/\/todoapulmon-rafaela.com\/wp-content\/uploads\/2017\/11\/15-11-17-GERMAN-.mp3?_=1\" \/><a href=\"http:\/\/todoapulmon-rafaela.com\/wp-content\/uploads\/2017\/11\/15-11-17-GERMAN-.mp3\">http:\/\/todoapulmon-rafaela.com\/wp-content\/uploads\/2017\/11\/15-11-17-GERMAN-.mp3<\/a><\/audio>\n","protected":false},"excerpt":{"rendered":"<p>El viernes estar\u00e1 viajando hacia Brasil el taekwondista rafaelino Germ\u00e1n Lelli. En el vecino pa\u00eds le espera un nueva posibilidad<\/p>\n","protected":false},"author":2,"featured_media":10104,"comment_status":"open","ping_status":"open","sticky":false,"template":"","format":"standard","meta":{"footnotes":""},"categories":[18,24],"tags":[],"class_list":["post-10099","post","type-post","status-publish","format-standard","has-post-thumbnail","hentry","category-artes-marciales","category-noticias-destacadas"],"cc_featured_image_caption":{"caption_text":"Germ\u00e1n Lelli inicia una nueva etapa, fuera del pa\u00eds.","source_text":"","source_url":""},"_links":{"self":[{"href":"https:\/\/todoapulmon-rafaela.com\/index.php\/wp-json\/wp\/v2\/posts\/10099"}],"collection":[{"href":"https:\/\/todoapulmon-rafaela.com\/index.php\/wp-json\/wp\/v2\/posts"}],"about":[{"href":"https:\/\/todoapulmon-rafaela.com\/index.php\/wp-json\/wp\/v2\/types\/post"}],"author":[{"embeddable":true,"href":"https:\/\/todoapulmon-rafaela.com\/index.php\/wp-json\/wp\/v2\/users\/2"}],"replies":[{"embeddable":true,"href":"https:\/\/todoapulmon-rafaela.com\/index.php\/wp-json\/wp\/v2\/comments?post=10099"}],"version-history":[{"count":1,"href":"https:\/\/todoapulmon-rafaela.com\/index.php\/wp-json\/wp\/v2\/posts\/10099\/revisions"}],"predecessor-version":[{"id":10102,"href":"https:\/\/todoapulmon-rafaela.com\/index.php\/wp-json\/wp\/v2\/posts\/10099\/revisions\/10102"}],"wp:featuredmedia":[{"embeddable":true,"href":"https:\/\/todoapulmon-rafaela.com\/index.php\/wp-json\/wp\/v2\/media\/10104"}],"wp:attachment":[{"href":"https:\/\/todoapulmon-rafaela.com\/index.php\/wp-json\/wp\/v2\/media?parent=10099"}],"wp:term":[{"taxonomy":"category","embeddable":true,"href":"https:\/\/todoapulmon-rafaela.com\/index.php\/wp-json\/wp\/v2\/categories?post=10099"},{"taxonomy":"post_tag","embeddable":true,"href":"https:\/\/todoapulmon-rafaela.com\/index.php\/wp-json\/wp\/v2\/tags?post=10099"}],"curies":[{"name":"wp","href":"https:\/\/api.w.org\/{rel}","templated":true}]}}